{"id":6774,"date":"2020-03-21T10:15:15","date_gmt":"2020-03-21T10:15:15","guid":{"rendered":"http:\/\/radiokfor.com\/2\/?p=6774"},"modified":"2020-03-21T10:15:15","modified_gmt":"2020-03-21T10:15:15","slug":"medunarodni-dan-eliminacije-rasne-diskriminacije","status":"publish","type":"post","link":"https:\/\/radiokfor.com\/2\/medunarodni-dan-eliminacije-rasne-diskriminacije\/","title":{"rendered":"Me\u0111unarodni dan eliminacije rasne diskriminacije"},"content":{"rendered":"<p>Me\u0111unarodna zajednica ima obavezu da radi na ostvarivanju jednakosti i nediskriminacije, i u tome se mo\u017ee napredovati isklju\u010divo promovisanjem tih vrednosti, zbog toga je borba protiv rasizma u sredi\u0161tu Povelje Ujedinjenih nacija.<\/p>\n<p>Obrazovanje i puna primena antidiskriminacionih propisa je najbolji na\u010din za eliminaciju rasne diskriminacije.<\/p>\n<p>U razgovoru sa Bobanom Petrovi\u0107em iz Turisti\u010dke organizacije Gra\u010danica kao i Miljanom Dun\u0111erin, predstavnikom Kulturnog centra Akvarijus, proveravali smo da li u turizmu, odnosno umetnosti, postoji rasna ili bilo koja druga diskriminacija?<\/p>\n<p>\u201eU sektoru turizma to nije toliko primetno jer turizam nema granica i ljudi koji se bave turizmom \u017eele da sara\u0111uju i na taj na\u010din doprinesu ne samo svom dobru i svojim prihodima, ve\u0107 i prihodima svih ostalih. U turizmu nema nacija i rasa. Ljudi sara\u0111uju, od toga \u017eive i mislim da ja bar koliko znam niti su turisti imali neki problem na Kosovu, niti ljudi koji me\u0111usobno sara\u0111uju. Na primer ugostitelji sara\u0111uju sa raznim agencijama, naravno, ako dovodi turiste ona je najbolja agencija na svetu\u201c, rekao je Boban Petrovi\u0107, direktor Turisti\u010dke organizacije Gra\u010danica, a istog mi\u0161ljenja je i Miljana Dun\u0111erin.<\/p>\n<p>\u201eUmetnici su mo\u017eda najnezahvalniji za razgovor ako je u pitanju podela bilo kog karaktera. Umetnik je \u010dovek koji prosto razmi\u0161lja druga\u010dije i posmatra druga\u010dije ceo svet oko sebe. Za mene ne postoji razlika i mi (umetnici) trudimo se svakodnevno i onim \u0161to radimo i na\u010dinom na koji radimo da apsolutno ne postoji nikakva podela u nijednom segmentu, nezavisno dal je pol, rod, rasa, broj. Na na\u0161a vrata ulazi umetnost. Volela bih da svi ljudi razmi\u0161ljaju kao umetnici i da stvarno ne vide bilo koju vrstu podele.\u201d<\/p>\n<p>Slu\u0161aju\u0107i druge ljude Miljana zaklju\u010duje da postoje diskriminacije apsolutno na svim poljima i to je problem \u010ditave dru\u0161tvene zajednice, jednog sistema ure\u0111enja, zbog toga obaveza svih nas je rad na promovisanju jednakosti i nediskriminacije.<\/p>\n<p>\u201eNije dete krivo ako jednostavno \u017eivotno stekne saznanje o tome da postoji razlika me\u0111u ne\u010dim. Nije jedno dete krivo zato \u0161to ono poraste s \u010dinjenicom da su \u017eivotinje, psi lutalice na ulici, problem od kojih treba da se pla\u0161e a ne nau\u010de da su to ustvari bi\u0107a koja su ljudskom nemarno\u0161\u0107u zavr\u0161ila tu gde su. Nije krivo dete ako poraste s \u010dinjenicom da ima pogrdna imena za svoje kom\u0161ije a da nema ljubav u njima. To je stvar vaspitanja, dru\u0161tvenog kodeksa, obrazovanja, i nekih ve\u0107ih sistema, tako da mi kao pojedinci koji ne vidimo te razlike i koji se trudimo da pro\u0161irimo jednakost na svakom nivou upravo nemamo mo\u0107 osim nekih malih ciljnih grupa. Potrebno je da se dru\u0161tvo menja iz korena, naro\u010dito dru\u0161tveno ure\u0111enje i obrazovanje. Obrazovanje je klju\u010d svega jer u porodici dolazi obrazovanje isto iz obrazovanja.\u201c<\/p>\n<p>Me\u0111unarodni dan eliminacije svih oblika rasne diskriminacije obele\u017eava se 21. marta, a cilj\u00a0 je da se istakne klju\u010dna uloga koju ima edukacija mladih u borbi protiv rasizma i rasne diskriminacije.<\/p>\n","protected":false},"excerpt":{"rendered":"<p>Me\u0111unarodna zajednica ima obavezu da radi na ostvarivanju jednakosti i nediskriminacije, i u tome se mo\u017ee napredovati isklju\u010divo promovisanjem tih vrednosti, zbog toga je borba protiv rasizma u sredi\u0161tu Povelje Ujedinjenih nacija. Obrazovanje i puna primena antidiskriminacionih propisa je najbolji na\u010din za eliminaciju rasne diskriminacije. U razgovoru sa Bobanom Petrovi\u0107em iz Turisti\u010dke organizacije Gra\u010danica kao&hellip;<\/p>\n","protected":false},"author":2,"featured_media":6775,"comment_status":"closed","ping_status":"closed","sticky":false,"template":"","format":"standard","meta":{"footnotes":""},"categories":[2],"tags":[1993,1992,1994],"class_list":["post-6774","post","type-post","status-publish","format-standard","has-post-thumbnail","hentry","category-news","tag-diskriminacija","tag-eliminacija","tag-medjunarodnji-dan","category-2","description-off"],"_links":{"self":[{"href":"https:\/\/radiokfor.com\/2\/wp-json\/wp\/v2\/posts\/6774","targetHints":{"allow":["GET"]}}],"collection":[{"href":"https:\/\/radiokfor.com\/2\/wp-json\/wp\/v2\/posts"}],"about":[{"href":"https:\/\/radiokfor.com\/2\/wp-json\/wp\/v2\/types\/post"}],"author":[{"embeddable":true,"href":"https:\/\/radiokfor.com\/2\/wp-json\/wp\/v2\/users\/2"}],"replies":[{"embeddable":true,"href":"https:\/\/radiokfor.com\/2\/wp-json\/wp\/v2\/comments?post=6774"}],"version-history":[{"count":1,"href":"https:\/\/radiokfor.com\/2\/wp-json\/wp\/v2\/posts\/6774\/revisions"}],"predecessor-version":[{"id":6776,"href":"https:\/\/radiokfor.com\/2\/wp-json\/wp\/v2\/posts\/6774\/revisions\/6776"}],"wp:featuredmedia":[{"embeddable":true,"href":"https:\/\/radiokfor.com\/2\/wp-json\/wp\/v2\/media\/6775"}],"wp:attachment":[{"href":"https:\/\/radiokfor.com\/2\/wp-json\/wp\/v2\/media?parent=6774"}],"wp:term":[{"taxonomy":"category","embeddable":true,"href":"https:\/\/radiokfor.com\/2\/wp-json\/wp\/v2\/categories?post=6774"},{"taxonomy":"post_tag","embeddable":true,"href":"https:\/\/radiokfor.com\/2\/wp-json\/wp\/v2\/tags?post=6774"}],"curies":[{"name":"wp","href":"https:\/\/api.w.org\/{rel}","templated":true}]}}