{"id":6771,"date":"2020-03-21T08:08:09","date_gmt":"2020-03-21T08:08:09","guid":{"rendered":"http:\/\/radiokfor.com\/2\/?p=6771"},"modified":"2020-03-21T08:08:09","modified_gmt":"2020-03-21T08:08:09","slug":"obojimo-svet-najrazlicitijim-bojama","status":"publish","type":"post","link":"https:\/\/radiokfor.com\/2\/obojimo-svet-najrazlicitijim-bojama\/","title":{"rendered":"Obojimo svet najrazli\u010ditijim bojama"},"content":{"rendered":"<p>S ciljem isticanja sveprisutnosti boja, ne samo u \u010dovekovom svakodnevnom \u017eivotu, nego i u svim podru\u010djima ljudskog profesionalnog delovanja, \u0161irom sveta se na prvi dan prole\u0107a obele\u017eava Me\u0111unarodni dan boja.<\/p>\n<p>U skladu sa interdisciplinarno\u0161\u0107u boja i njenim zna\u010dajem u svakodnevnom privatnom i poslovnom \u017eivotu \u0161irom sveta, a posebno u \u010dlanovima AIC-a (Me\u0111unarodnog udru\u017eenja za boje), ovaj dan se proslavlja kroz brojne aktivnosti.<\/p>\n<p>Biv\u0161a predsednica AIC-a, gospo\u0111a Berit Bergstrom (\u0160vedska fondacija za boje), u izjavi povodom Me\u0111unarodnog dana boja podse\u0107a:<\/p>\n<p><em>\u201ePovezanost svetlosti i boje ostavlja sna\u017ean uticaj na \u010doveka. Zahvaljuju\u0107i tome, boja daje zna\u010denje na\u0161em postojanju, igra zna\u010dajnu ulogu u na\u0161em okru\u017eenju, pokazatelj je razli\u010ditih kultura i odre\u0111uje njihov identitet.\u201d<\/em><\/p>\n<p>Dan boja mo\u017eemo obele\u017eiti na razli\u010dite na\u010dine: kroz umetni\u010dke izlo\u017ebe, arhitektonske prezentacije, izlo\u017ebe dizajna, modne predstave, radionice u boji za decu i odrasle i jo\u0161 mnogo toga. A za \u0161ta mladi koriste boje i koliko im iste zna\u010de pitali smo Aleksandru Leki\u0107 iz Gra\u010danice.<\/p>\n<p><em>\u201eVerujemo da kroz boje, kao metaforu, mo\u017eemo da poka\u017eemo na koji na\u010din mladi svakoga dana mogu svojom energijom, kreativno\u0161\u0107u, idejama, stvarima koje rade i kojima se bave obojiti svoju okolinu.&#8221;<\/em><\/p>\n<p>Me\u0111unarodnog dana boja usvojen je 2008. od strane AIC-a, a na predlog portugalskog Udru\u017eenja za rasvetu. AIC je odredio da Dan boja bude na prole\u0107nu ravnodnevnici, 21. marta, kada dan i no\u0107 jednako traju, \u0161to se simboli\u010dno odnosi na prirodu svetlosti i tame.<\/p>\n","protected":false},"excerpt":{"rendered":"<p>S ciljem isticanja sveprisutnosti boja, ne samo u \u010dovekovom svakodnevnom \u017eivotu, nego i u svim podru\u010djima ljudskog profesionalnog delovanja, \u0161irom sveta se na prvi dan prole\u0107a obele\u017eava Me\u0111unarodni dan boja. U skladu sa interdisciplinarno\u0161\u0107u boja i njenim zna\u010dajem u svakodnevnom privatnom i poslovnom \u017eivotu \u0161irom sveta, a posebno u \u010dlanovima AIC-a (Me\u0111unarodnog udru\u017eenja za boje),&hellip;<\/p>\n","protected":false},"author":2,"featured_media":6772,"comment_status":"closed","ping_status":"closed","sticky":false,"template":"","format":"standard","meta":{"footnotes":""},"categories":[2],"tags":[1990,1063,1991,1989],"class_list":["post-6771","post","type-post","status-publish","format-standard","has-post-thumbnail","hentry","category-news","tag-aic","tag-aleksandra-lekic","tag-berit-bergstrom","tag-medunarodni-dan-boja","category-2","description-off"],"_links":{"self":[{"href":"https:\/\/radiokfor.com\/2\/wp-json\/wp\/v2\/posts\/6771","targetHints":{"allow":["GET"]}}],"collection":[{"href":"https:\/\/radiokfor.com\/2\/wp-json\/wp\/v2\/posts"}],"about":[{"href":"https:\/\/radiokfor.com\/2\/wp-json\/wp\/v2\/types\/post"}],"author":[{"embeddable":true,"href":"https:\/\/radiokfor.com\/2\/wp-json\/wp\/v2\/users\/2"}],"replies":[{"embeddable":true,"href":"https:\/\/radiokfor.com\/2\/wp-json\/wp\/v2\/comments?post=6771"}],"version-history":[{"count":1,"href":"https:\/\/radiokfor.com\/2\/wp-json\/wp\/v2\/posts\/6771\/revisions"}],"predecessor-version":[{"id":6773,"href":"https:\/\/radiokfor.com\/2\/wp-json\/wp\/v2\/posts\/6771\/revisions\/6773"}],"wp:featuredmedia":[{"embeddable":true,"href":"https:\/\/radiokfor.com\/2\/wp-json\/wp\/v2\/media\/6772"}],"wp:attachment":[{"href":"https:\/\/radiokfor.com\/2\/wp-json\/wp\/v2\/media?parent=6771"}],"wp:term":[{"taxonomy":"category","embeddable":true,"href":"https:\/\/radiokfor.com\/2\/wp-json\/wp\/v2\/categories?post=6771"},{"taxonomy":"post_tag","embeddable":true,"href":"https:\/\/radiokfor.com\/2\/wp-json\/wp\/v2\/tags?post=6771"}],"curies":[{"name":"wp","href":"https:\/\/api.w.org\/{rel}","templated":true}]}}