{"id":6569,"date":"2020-02-28T08:44:24","date_gmt":"2020-02-28T08:44:24","guid":{"rendered":"http:\/\/radiokfor.com\/2\/?p=6569"},"modified":"2020-02-28T08:44:24","modified_gmt":"2020-02-28T08:44:24","slug":"nova-debata-drustvenog-kluba-gracanica","status":"publish","type":"post","link":"https:\/\/radiokfor.com\/2\/nova-debata-drustvenog-kluba-gracanica\/","title":{"rendered":"Nova debata Dru\u0161tvenog kluba Gra\u010danica"},"content":{"rendered":"<p>Forum za razvoj i multietni\u010dku saradnju organizuje novu debatu Dru\u0161tvenog kluba Gra\u010danica, koja \u0107e se odr\u017eati u Centru gra\u0111anske energije u Gra\u010danici.<\/p>\n<p><em>\u201eStanje u op\u0161tinama, tema je nove debate Dru\u0161tvenog kluba Gra\u010danica koju organizuje Forum za razvoj i multietni\u010dku saradnju iz Gra\u010danice. Godinu iza nas obele\u017eilo je mnogo uspeha u na\u0161im op\u0161tinama, ali bilo je i problema. \u0160ta je ono \u0161to nas o\u010dekuje u ovoj godini i kakvo je trenutno stanje u op\u0161tinama? O tome \u0107emo razgovarati sa predstavnicima op\u0161tine Gra\u010danica i Lipljan\u201c<\/em>, rekli su nam predstavnici ove organizacije.<\/p>\n<p>Gosti debate bi\u0107e Sa\u0161a Dani\u0107, zamenik gradona\u010delnika Op\u0161tine Gra\u010danica i Emina Red\u017ei\u0107, direktorica za planiranje, urbanizam i za\u0161titu \u017eivotne sredine iz op\u0161tine Lipljan.<\/p>\n<p>Forum za razvoj i multietni\u010dku saradnju vas poziva da u petak, 28-og februara, sa po\u010detkom od 11:00 \u010dasova prisustvujete debati i ukoliko \u017eelite u\u010destvujete u istoj.<\/p>\n","protected":false},"excerpt":{"rendered":"<p>Forum za razvoj i multietni\u010dku saradnju organizuje novu debatu Dru\u0161tvenog kluba Gra\u010danica, koja \u0107e se odr\u017eati u Centru gra\u0111anske energije u Gra\u010danici. \u201eStanje u op\u0161tinama, tema je nove debate Dru\u0161tvenog kluba Gra\u010danica koju organizuje Forum za razvoj i multietni\u010dku saradnju iz Gra\u010danice. Godinu iza nas obele\u017eilo je mnogo uspeha u na\u0161im op\u0161tinama, ali bilo je&hellip;<\/p>\n","protected":false},"author":2,"featured_media":6570,"comment_status":"closed","ping_status":"closed","sticky":false,"template":"","format":"standard","meta":{"footnotes":""},"categories":[2],"tags":[1784,1924],"class_list":["post-6569","post","type-post","status-publish","format-standard","has-post-thumbnail","hentry","category-news","tag-cec","tag-drustveni-klub-gracanica","category-2","description-off"],"_links":{"self":[{"href":"https:\/\/radiokfor.com\/2\/wp-json\/wp\/v2\/posts\/6569","targetHints":{"allow":["GET"]}}],"collection":[{"href":"https:\/\/radiokfor.com\/2\/wp-json\/wp\/v2\/posts"}],"about":[{"href":"https:\/\/radiokfor.com\/2\/wp-json\/wp\/v2\/types\/post"}],"author":[{"embeddable":true,"href":"https:\/\/radiokfor.com\/2\/wp-json\/wp\/v2\/users\/2"}],"replies":[{"embeddable":true,"href":"https:\/\/radiokfor.com\/2\/wp-json\/wp\/v2\/comments?post=6569"}],"version-history":[{"count":1,"href":"https:\/\/radiokfor.com\/2\/wp-json\/wp\/v2\/posts\/6569\/revisions"}],"predecessor-version":[{"id":6571,"href":"https:\/\/radiokfor.com\/2\/wp-json\/wp\/v2\/posts\/6569\/revisions\/6571"}],"wp:featuredmedia":[{"embeddable":true,"href":"https:\/\/radiokfor.com\/2\/wp-json\/wp\/v2\/media\/6570"}],"wp:attachment":[{"href":"https:\/\/radiokfor.com\/2\/wp-json\/wp\/v2\/media?parent=6569"}],"wp:term":[{"taxonomy":"category","embeddable":true,"href":"https:\/\/radiokfor.com\/2\/wp-json\/wp\/v2\/categories?post=6569"},{"taxonomy":"post_tag","embeddable":true,"href":"https:\/\/radiokfor.com\/2\/wp-json\/wp\/v2\/tags?post=6569"}],"curies":[{"name":"wp","href":"https:\/\/api.w.org\/{rel}","templated":true}]}}