{"id":6490,"date":"2020-02-21T12:18:59","date_gmt":"2020-02-21T12:18:59","guid":{"rendered":"http:\/\/radiokfor.com\/2\/?p=6490"},"modified":"2020-02-21T12:21:20","modified_gmt":"2020-02-21T12:21:20","slug":"negujmo-ljubav-prema-poeziji","status":"publish","type":"post","link":"https:\/\/radiokfor.com\/2\/negujmo-ljubav-prema-poeziji\/","title":{"rendered":"Negujmo ljubav prema poeziji"},"content":{"rendered":"<p>Nju \u010ditamo i u nju u\u010ditavamo sebe. Ona je slobodna da di\u0161e i \u017eivi kako pesnik ho\u0107e. Ona je subjektivna u mislima i ose\u0107anjima zato vas Kulturno skloni\u0161te Bes(i)Misao poziva na prvo u nizu poetskih ve\u010deri, koje \u0107e biti odr\u017eano u petak, 21. februara, u 17 \u010dasova, a koje \u0107e svakog narednog petka biti deo ciklusa koji \u0107e trajati do juna meseca.<\/p>\n<p>Ideja poetskih ve\u010deri je dru\u017eenje, negovanje ljubavi prema poeziji, kao i zajedni\u010dka potraga za blagom koje skriva sama pesma (knjiga). Me\u0111utim, diskusija koje \u0107e uslediti nakon \u010ditanja poezije ima za cilj da razvije mo\u0107i apstraktnog mi\u0161ljenja koja otvara mogu\u0107nost vi\u0161eslojne percepcije stvarnosti.<\/p>\n<p>Ogoliti sebe i objaviti ose\u0107anja koja ste utkali u svoju poeziju je za svakog pisca izazov, ali ukoliko mladi stvaraoci smatraju da za pisanje imaju talenta, u tome ne treba sputavati sebe i treba dati sebi priliku da poka\u017eu svoj talenat i ono \u0161to zapravo stvaraju. Zato budite deo ve\u010deri koja daje prostor da razgovarate o poeziji, mo\u017eda prona\u0111ete sebe!<\/p>\n","protected":false},"excerpt":{"rendered":"<p>Nju \u010ditamo i u nju u\u010ditavamo sebe. Ona je slobodna da di\u0161e i \u017eivi kako pesnik ho\u0107e. Ona je subjektivna u mislima i ose\u0107anjima zato vas Kulturno skloni\u0161te Bes(i)Misao poziva na prvo u nizu poetskih ve\u010deri, koje \u0107e biti odr\u017eano u petak, 21. februara, u 17 \u010dasova, a koje \u0107e svakog narednog petka biti deo&hellip;<\/p>\n","protected":false},"author":2,"featured_media":6493,"comment_status":"closed","ping_status":"closed","sticky":false,"template":"","format":"standard","meta":{"footnotes":""},"categories":[2],"tags":[],"class_list":["post-6490","post","type-post","status-publish","format-standard","has-post-thumbnail","hentry","category-news","category-2","description-off"],"_links":{"self":[{"href":"https:\/\/radiokfor.com\/2\/wp-json\/wp\/v2\/posts\/6490","targetHints":{"allow":["GET"]}}],"collection":[{"href":"https:\/\/radiokfor.com\/2\/wp-json\/wp\/v2\/posts"}],"about":[{"href":"https:\/\/radiokfor.com\/2\/wp-json\/wp\/v2\/types\/post"}],"author":[{"embeddable":true,"href":"https:\/\/radiokfor.com\/2\/wp-json\/wp\/v2\/users\/2"}],"replies":[{"embeddable":true,"href":"https:\/\/radiokfor.com\/2\/wp-json\/wp\/v2\/comments?post=6490"}],"version-history":[{"count":1,"href":"https:\/\/radiokfor.com\/2\/wp-json\/wp\/v2\/posts\/6490\/revisions"}],"predecessor-version":[{"id":6492,"href":"https:\/\/radiokfor.com\/2\/wp-json\/wp\/v2\/posts\/6490\/revisions\/6492"}],"wp:featuredmedia":[{"embeddable":true,"href":"https:\/\/radiokfor.com\/2\/wp-json\/wp\/v2\/media\/6493"}],"wp:attachment":[{"href":"https:\/\/radiokfor.com\/2\/wp-json\/wp\/v2\/media?parent=6490"}],"wp:term":[{"taxonomy":"category","embeddable":true,"href":"https:\/\/radiokfor.com\/2\/wp-json\/wp\/v2\/categories?post=6490"},{"taxonomy":"post_tag","embeddable":true,"href":"https:\/\/radiokfor.com\/2\/wp-json\/wp\/v2\/tags?post=6490"}],"curies":[{"name":"wp","href":"https:\/\/api.w.org\/{rel}","templated":true}]}}