{"id":6323,"date":"2020-02-04T12:17:44","date_gmt":"2020-02-04T12:17:44","guid":{"rendered":"http:\/\/radiokfor.com\/2\/?p=6323"},"modified":"2020-02-04T12:17:44","modified_gmt":"2020-02-04T12:17:44","slug":"temperatura-u-padu-poseban-oprez-hronicnim-bolesnicima","status":"publish","type":"post","link":"https:\/\/radiokfor.com\/2\/temperatura-u-padu-poseban-oprez-hronicnim-bolesnicima\/","title":{"rendered":"Temperatura u padu, poseban oprez hroni\u010dnim bolesnicima"},"content":{"rendered":"<p>Prvog dana februara sa 18 stepeni oboren je rekord od kada se meri temperatura. Mnogi su spremno do\u010dekali taj vremenski preokret i u\u017eivali. Me\u0111utim, ve\u0107 danas se o\u010dekuju pad temperature i sneg.<\/p>\n<p>Za samo 24 sata temperatura \u0107e pasti za 15 stepeni. Sunce \u0107e zameniti vetar, oblaci, ki\u0161a, a u pojedinim krajevima i sneg.<\/p>\n<p>Ovakve temperaturne promene svakako ne prijaju ljudskom organizmu, a pogotovu hroni\u010dnim bolesnicima.<\/p>\n<p>Stru\u010dnjaci savetuju da bi svi hroni\u010dni bolesnici, ali i oni koji nisu bolesni, trebalo narednih dana da povedu vi\u0161e ra\u010duna o svom zdravlju jer je sve vi\u0161e prehlada i virusa karakteristi\u010dnih za ovaj period, kao i ovako nagle promene vremena.<\/p>\n<p>Poseban oprez se savetuje asmati\u010darima i sr\u010danim bolesnicima, jer njima najvi\u0161e smetaju nagla zahla\u0111enja i otopljenja.<\/p>\n<p>Tako\u0111e, potrebno je povesti ra\u010duna i o ishrani.<\/p>\n<p>Onima koji su ve\u0107 bolesni preporu\u010duje se zdravija i laganija ishrana i \u0161to vi\u0161e \u010dajeva, dok oni zdraviji mogu jesti povr\u0107e i vo\u0107e, meso i proteine naravno.<\/p>\n<p>Ukoliko do\u0111e do naglog zahla\u0111enja, i kod zdravih osoba mo\u017ee do\u0107i do pojave nervoze, razdra\u017eljivosti, reume, skakanja pritiska od niskog ka visokom i obrnuto. Zato, pripazite na svoje zdravlje i poslu\u0161ajte savete lekara!<\/p>\n","protected":false},"excerpt":{"rendered":"<p>Prvog dana februara sa 18 stepeni oboren je rekord od kada se meri temperatura. Mnogi su spremno do\u010dekali taj vremenski preokret i u\u017eivali. Me\u0111utim, ve\u0107 danas se o\u010dekuju pad temperature i sneg. Za samo 24 sata temperatura \u0107e pasti za 15 stepeni. Sunce \u0107e zameniti vetar, oblaci, ki\u0161a, a u pojedinim krajevima i sneg. Ovakve&hellip;<\/p>\n","protected":false},"author":2,"featured_media":6325,"comment_status":"closed","ping_status":"closed","sticky":false,"template":"","format":"standard","meta":{"footnotes":""},"categories":[2],"tags":[],"class_list":["post-6323","post","type-post","status-publish","format-standard","has-post-thumbnail","hentry","category-news","category-2","description-off"],"_links":{"self":[{"href":"https:\/\/radiokfor.com\/2\/wp-json\/wp\/v2\/posts\/6323","targetHints":{"allow":["GET"]}}],"collection":[{"href":"https:\/\/radiokfor.com\/2\/wp-json\/wp\/v2\/posts"}],"about":[{"href":"https:\/\/radiokfor.com\/2\/wp-json\/wp\/v2\/types\/post"}],"author":[{"embeddable":true,"href":"https:\/\/radiokfor.com\/2\/wp-json\/wp\/v2\/users\/2"}],"replies":[{"embeddable":true,"href":"https:\/\/radiokfor.com\/2\/wp-json\/wp\/v2\/comments?post=6323"}],"version-history":[{"count":1,"href":"https:\/\/radiokfor.com\/2\/wp-json\/wp\/v2\/posts\/6323\/revisions"}],"predecessor-version":[{"id":6326,"href":"https:\/\/radiokfor.com\/2\/wp-json\/wp\/v2\/posts\/6323\/revisions\/6326"}],"wp:featuredmedia":[{"embeddable":true,"href":"https:\/\/radiokfor.com\/2\/wp-json\/wp\/v2\/media\/6325"}],"wp:attachment":[{"href":"https:\/\/radiokfor.com\/2\/wp-json\/wp\/v2\/media?parent=6323"}],"wp:term":[{"taxonomy":"category","embeddable":true,"href":"https:\/\/radiokfor.com\/2\/wp-json\/wp\/v2\/categories?post=6323"},{"taxonomy":"post_tag","embeddable":true,"href":"https:\/\/radiokfor.com\/2\/wp-json\/wp\/v2\/tags?post=6323"}],"curies":[{"name":"wp","href":"https:\/\/api.w.org\/{rel}","templated":true}]}}