{"id":6277,"date":"2020-01-28T14:03:29","date_gmt":"2020-01-28T14:03:29","guid":{"rendered":"http:\/\/radiokfor.com\/2\/?p=6277"},"modified":"2020-01-28T14:21:16","modified_gmt":"2020-01-28T14:21:16","slug":"svetski-dan-privatnosti-podataka","status":"publish","type":"post","link":"https:\/\/radiokfor.com\/2\/svetski-dan-privatnosti-podataka\/","title":{"rendered":"Svetski dan privatnosti podataka"},"content":{"rendered":"<p>Dan privatnosti podataka (u Evropi poznat kao Dan za\u0161tite podataka) je me\u0111unarodni doga\u0111aj koji se svake godine obele\u017eava 28. januara.\u00a0 Svrha Dana privatnosti podataka je povec\u0301ati svest i promovisati najbolje prakse privatnosti i za\u0161tite podataka.<\/p>\n<p>Edukativna inicijativa Dana privatnosti podataka bila je prvobitno usmerena na podizanje svesti izme\u0111u kompanija i korisnika o va\u017enosti za\u0161tite privatnosti njihovih li\u010dnih podataka na mre\u017ei, posebno u kontekstu dru\u0161tvenih mre\u017ea. Obrazovni fokus se pro\u0161irio tokom poslednje \u010detiri godine i obuhvata porodice, potro\u0161a\u010de i preduzec\u0301a. Pored svoje obrazovne inicijative, Dan privatnosti podataka promovi\u0161e doga\u0111aje i aktivnosti koje podsti\u010du razvoj tehnolo\u0161kih alata koji promovi\u0161u individualnu kontrolu nad li\u010dno prepoznatljivim informacijama.<\/p>\n<p>Konvencija o za\u0161titi pojedinaca u pogledu automatske obrade li\u010dnih podataka otvorena je za potpisivanje Saveta Evrope 28. januara 1981. Ova konvencija se trenutno a\u017eurira kako bi se odrazili novi pravni izazovi izazvani tehnolo\u0161kim razvojem. Konvencija o sajber kriminalu tako\u0111e \u0161titi integritet sistema podataka i samim tim privatnost u sajber prostoru. Privatnost, uklju\u010dujuc\u0301i za\u0161titu podataka, tako\u0111e je za\u0161tic\u0301ena \u010dlanom 8 Evropske konvencije o ljudskim pravima.<\/p>\n<p>Dan je pokrenuo Savet Evrope koji je prvi put obele\u017een 2007. kao Evropski dan za\u0161tite podataka. Dve godine kasnije, 26. januara 2009., Predstavni\u010dki dom Sjedinjenih Dr\u017eava usvojio je Rezoluciju HR-a 31 glasanjem 402\u20130, progla\u0161avajuc\u0301i 28. januara nacionalnim danom privatnosti podataka. 28. januara 2009. Senat je usvojio Rezoluciju 25 Senata kojom je 28. januara 2009. tako\u0111e priznat kao nacionalni dan privatnosti podataka. Senat Sjedinjenih Dr\u017eava tako\u0111e je prepoznao Dan privatnosti podataka u 2010. i 2011. godini<\/p>\n","protected":false},"excerpt":{"rendered":"<p>Dan privatnosti podataka (u Evropi poznat kao Dan za\u0161tite podataka) je me\u0111unarodni doga\u0111aj koji se svake godine obele\u017eava 28. januara.\u00a0 Svrha Dana privatnosti podataka je povec\u0301ati svest i promovisati najbolje prakse privatnosti i za\u0161tite podataka. Edukativna inicijativa Dana privatnosti podataka bila je prvobitno usmerena na podizanje svesti izme\u0111u kompanija i korisnika o va\u017enosti za\u0161tite privatnosti&hellip;<\/p>\n","protected":false},"author":2,"featured_media":6280,"comment_status":"closed","ping_status":"closed","sticky":false,"template":"","format":"standard","meta":{"footnotes":""},"categories":[2],"tags":[],"class_list":["post-6277","post","type-post","status-publish","format-standard","has-post-thumbnail","hentry","category-news","category-2","description-off"],"_links":{"self":[{"href":"https:\/\/radiokfor.com\/2\/wp-json\/wp\/v2\/posts\/6277","targetHints":{"allow":["GET"]}}],"collection":[{"href":"https:\/\/radiokfor.com\/2\/wp-json\/wp\/v2\/posts"}],"about":[{"href":"https:\/\/radiokfor.com\/2\/wp-json\/wp\/v2\/types\/post"}],"author":[{"embeddable":true,"href":"https:\/\/radiokfor.com\/2\/wp-json\/wp\/v2\/users\/2"}],"replies":[{"embeddable":true,"href":"https:\/\/radiokfor.com\/2\/wp-json\/wp\/v2\/comments?post=6277"}],"version-history":[{"count":4,"href":"https:\/\/radiokfor.com\/2\/wp-json\/wp\/v2\/posts\/6277\/revisions"}],"predecessor-version":[{"id":6282,"href":"https:\/\/radiokfor.com\/2\/wp-json\/wp\/v2\/posts\/6277\/revisions\/6282"}],"wp:featuredmedia":[{"embeddable":true,"href":"https:\/\/radiokfor.com\/2\/wp-json\/wp\/v2\/media\/6280"}],"wp:attachment":[{"href":"https:\/\/radiokfor.com\/2\/wp-json\/wp\/v2\/media?parent=6277"}],"wp:term":[{"taxonomy":"category","embeddable":true,"href":"https:\/\/radiokfor.com\/2\/wp-json\/wp\/v2\/categories?post=6277"},{"taxonomy":"post_tag","embeddable":true,"href":"https:\/\/radiokfor.com\/2\/wp-json\/wp\/v2\/tags?post=6277"}],"curies":[{"name":"wp","href":"https:\/\/api.w.org\/{rel}","templated":true}]}}