{"id":6262,"date":"2020-01-27T12:29:45","date_gmt":"2020-01-27T12:29:45","guid":{"rendered":"http:\/\/radiokfor.com\/2\/?p=6262"},"modified":"2020-01-27T12:29:45","modified_gmt":"2020-01-27T12:29:45","slug":"veceras-u-beogradu-regionalni-muzicki-spektakl","status":"publish","type":"post","link":"https:\/\/radiokfor.com\/2\/veceras-u-beogradu-regionalni-muzicki-spektakl\/","title":{"rendered":"Ve\u010deras u Beogradu regionalni muzi\u010dki spektakl"},"content":{"rendered":"<p>Najve\u0107i muzi\u010dki spektakl, ikada vi\u0111en u ovom delu Evrope, Music Awards Ceremony (MAC 2020), bi\u0107e odr\u017ean ve\u010deras u \u0160tark Areni u Beogradu, u organizaciji i produkciji Skymusic-a.<\/p>\n<p>Od Lepe Brene, Jelene Rozge, Senide, Bube i Jale, Nine Badri\u0107, Kaliopi, preko Ton\u010dija Hulji\u0107a, Nevene Bo\u017eovi\u0107, S.A.R.S.-a, Balkanopolisa, Magnifica, do sastava WhoSee, Sare Jo, Olivera Mandi\u0107a, Aleksandre Radovi\u0107, i specijalnog zajedni\u010dkog nastupa 11 rep i pop muzi\u010dara sa glumcem Viktorom Savi\u0107em &#8211; MAC je muzi\u010dki spektakl koji jedini u regionu okuplja izvo\u0111a\u010de najrazli\u010ditijih \u017eanrova iz 6 zemalja.<\/p>\n<p>Najavljeno je \u0161est povezanih pokretnih bina povr\u0161ine od preko 800 m2, koje \u0107e biti kaskadno postavljene, sa pokretnim elementima, ali koje \u0107e se i same kretati po prostoru Arene. Publiku o\u010dekuje i najve\u0107i laser \u0161ou ikada izveden na ovim prostorima.<\/p>\n<p>MAC predstavlja formalnu sve\u010danost na kojoj se odaje po\u010dast izvrsnosti profesionalca u muzi\u010dkoj industriji regiona, a celove\u010dernji doga\u0111aj okuplja najpopularnije regionalne zvezde.<\/p>\n<p>Na MAC-u se dodeljuju priznanja za najve\u0107a dostignu\u0107a na polju muzike u proteklih godinu dana, i to u okviru svih muzi\u010dkih pravaca \u2013 od pop muzike, roka, preko narodne, do hip-hopa i trepa.<\/p>\n<p>MAC 2020 \u0107e u\u017eivo prenositi televizije sa nacionalnom frekvencijom iz zemalja regiona, a i ovoga puta dodeljiva\u0107e se priznanja u okviru najrazli\u010ditijih muzi\u010dkih \u017eanrova.<\/p>\n","protected":false},"excerpt":{"rendered":"<p>Najve\u0107i muzi\u010dki spektakl, ikada vi\u0111en u ovom delu Evrope, Music Awards Ceremony (MAC 2020), bi\u0107e odr\u017ean ve\u010deras u \u0160tark Areni u Beogradu, u organizaciji i produkciji Skymusic-a. Od Lepe Brene, Jelene Rozge, Senide, Bube i Jale, Nine Badri\u0107, Kaliopi, preko Ton\u010dija Hulji\u0107a, Nevene Bo\u017eovi\u0107, S.A.R.S.-a, Balkanopolisa, Magnifica, do sastava WhoSee, Sare Jo, Olivera Mandi\u0107a, Aleksandre&hellip;<\/p>\n","protected":false},"author":2,"featured_media":6263,"comment_status":"closed","ping_status":"closed","sticky":false,"template":"","format":"standard","meta":{"footnotes":""},"categories":[2],"tags":[],"class_list":["post-6262","post","type-post","status-publish","format-standard","has-post-thumbnail","hentry","category-news","category-2","description-off"],"_links":{"self":[{"href":"https:\/\/radiokfor.com\/2\/wp-json\/wp\/v2\/posts\/6262","targetHints":{"allow":["GET"]}}],"collection":[{"href":"https:\/\/radiokfor.com\/2\/wp-json\/wp\/v2\/posts"}],"about":[{"href":"https:\/\/radiokfor.com\/2\/wp-json\/wp\/v2\/types\/post"}],"author":[{"embeddable":true,"href":"https:\/\/radiokfor.com\/2\/wp-json\/wp\/v2\/users\/2"}],"replies":[{"embeddable":true,"href":"https:\/\/radiokfor.com\/2\/wp-json\/wp\/v2\/comments?post=6262"}],"version-history":[{"count":1,"href":"https:\/\/radiokfor.com\/2\/wp-json\/wp\/v2\/posts\/6262\/revisions"}],"predecessor-version":[{"id":6264,"href":"https:\/\/radiokfor.com\/2\/wp-json\/wp\/v2\/posts\/6262\/revisions\/6264"}],"wp:featuredmedia":[{"embeddable":true,"href":"https:\/\/radiokfor.com\/2\/wp-json\/wp\/v2\/media\/6263"}],"wp:attachment":[{"href":"https:\/\/radiokfor.com\/2\/wp-json\/wp\/v2\/media?parent=6262"}],"wp:term":[{"taxonomy":"category","embeddable":true,"href":"https:\/\/radiokfor.com\/2\/wp-json\/wp\/v2\/categories?post=6262"},{"taxonomy":"post_tag","embeddable":true,"href":"https:\/\/radiokfor.com\/2\/wp-json\/wp\/v2\/tags?post=6262"}],"curies":[{"name":"wp","href":"https:\/\/api.w.org\/{rel}","templated":true}]}}