{"id":6229,"date":"2020-01-22T14:21:29","date_gmt":"2020-01-22T14:21:29","guid":{"rendered":"http:\/\/radiokfor.com\/2\/?p=6229"},"modified":"2020-01-23T09:55:17","modified_gmt":"2020-01-23T09:55:17","slug":"evropska-nedelja-borbe-protiv-karcinoma-grlica-materice-se-obelezava-od-20-do-26-januara","status":"publish","type":"post","link":"https:\/\/radiokfor.com\/2\/evropska-nedelja-borbe-protiv-karcinoma-grlica-materice-se-obelezava-od-20-do-26-januara\/","title":{"rendered":"Akvarijus u akciji \u201cBudi br\u017ea\u201d"},"content":{"rendered":"<p>Evropska nedelja borbe protiv karcinoma grli\u0107a materice se obele\u017eava od 20. do 26. januara.<\/p>\n<p>Tim povodom \u0107e u sredu 22. januara od 18 \u010dasova u Galeriji Aquarius u Mitrovici biti odr\u017eano interaktivno predavanje o ovom svetskom problemu koji ne zaobilazi ni na\u0161e podneblje.<\/p>\n<p>Predsednik lokalnog komiteta Me\u0111unarodne federacije udru\u017eenja studenata medicine (IFMSA) u Mitrovici, Nezrina Habibovi\u0107, nagla\u0161ava va\u017enost prevencije ove bolesti kao i da se ove godine Evropska nedelja prevencije karcinoma grli\u0107a materice obele\u017eava pod sloganom \u201cBudi br\u017ea\u201d.<\/p>\n<p>\u201cMi radimo ovu akciju pod sloganom \u201cBudi br\u017ea\u201d, jer svaka \u017eena je stub porodice i stub dru\u0161tva. Mi smo izabrali 22. Januar, jer studenti medicinskog fakulteta tada imaju najmanje obaveza i mogu da do\u0111u da se informi\u0161u i budu upu\u0107eni \u0161ta je zapravo karcinom grli\u0107a materice, kako nastaje, koje su mere le\u010denja i kako se to mo\u017ee izbe\u0107i. Pored toga, predava\u010d na tu temu bi\u0107e specijalista ginekologije i akuer\u0161tva doktor Dejan Mihajlovi\u0107. On \u0107e ispri\u010dati ceo proces\u00a0 nastanka ove bolesti, faktore rizika i na\u010dine le\u010denja, kako bi se smanjio broj obolelih, jer je prevencija pre svega najbitnija u celom tom procesu nastajanja i le\u010denja. \u017dene moraju voditi ra\u010duna o svom zdravlju, zbog svoje dece, svojih mu\u017eeva, roditelja, prijatelja, kako bi celo dru\u0161tvo bilo naprednije.\u201d<\/p>\n<p>Prva Evropska nedelja obele\u017eena je 2007. godine posle intervencije Interesne grupe za rak grlic\u0301a materice, kada je Savet Evrope doneo preporuke o zapo\u010dinjanju Kampanje i obele\u017eevanju Evropske nedelje prevencije raka grlic\u0301a materice.<\/p>\n<p>Rano otkrivanje mo\u017ee spre\u010diti rak grli\u0107a materice zato, u ovoj nedelji podsec\u0301amo sve \u017eene da u toku godine odvoje dan kada c\u0301e posetiti lekara i iskoristiti neki od dostupnih preventivnih pregleda.<\/p>\n","protected":false},"excerpt":{"rendered":"<p>Evropska nedelja borbe protiv karcinoma grli\u0107a materice se obele\u017eava od 20. do 26. januara. Tim povodom \u0107e u sredu 22. januara od 18 \u010dasova u Galeriji Aquarius u Mitrovici biti odr\u017eano interaktivno predavanje o ovom svetskom problemu koji ne zaobilazi ni na\u0161e podneblje. Predsednik lokalnog komiteta Me\u0111unarodne federacije udru\u017eenja studenata medicine (IFMSA) u Mitrovici, Nezrina&hellip;<\/p>\n","protected":false},"author":2,"featured_media":6230,"comment_status":"closed","ping_status":"closed","sticky":false,"template":"","format":"standard","meta":{"footnotes":""},"categories":[2],"tags":[1835,1836,1837,483],"class_list":["post-6229","post","type-post","status-publish","format-standard","has-post-thumbnail","hentry","category-news","tag-karciom","tag-materica","tag-nezrina-habibovic","tag-nedelja","category-2","description-off"],"_links":{"self":[{"href":"https:\/\/radiokfor.com\/2\/wp-json\/wp\/v2\/posts\/6229","targetHints":{"allow":["GET"]}}],"collection":[{"href":"https:\/\/radiokfor.com\/2\/wp-json\/wp\/v2\/posts"}],"about":[{"href":"https:\/\/radiokfor.com\/2\/wp-json\/wp\/v2\/types\/post"}],"author":[{"embeddable":true,"href":"https:\/\/radiokfor.com\/2\/wp-json\/wp\/v2\/users\/2"}],"replies":[{"embeddable":true,"href":"https:\/\/radiokfor.com\/2\/wp-json\/wp\/v2\/comments?post=6229"}],"version-history":[{"count":4,"href":"https:\/\/radiokfor.com\/2\/wp-json\/wp\/v2\/posts\/6229\/revisions"}],"predecessor-version":[{"id":6234,"href":"https:\/\/radiokfor.com\/2\/wp-json\/wp\/v2\/posts\/6229\/revisions\/6234"}],"wp:featuredmedia":[{"embeddable":true,"href":"https:\/\/radiokfor.com\/2\/wp-json\/wp\/v2\/media\/6230"}],"wp:attachment":[{"href":"https:\/\/radiokfor.com\/2\/wp-json\/wp\/v2\/media?parent=6229"}],"wp:term":[{"taxonomy":"category","embeddable":true,"href":"https:\/\/radiokfor.com\/2\/wp-json\/wp\/v2\/categories?post=6229"},{"taxonomy":"post_tag","embeddable":true,"href":"https:\/\/radiokfor.com\/2\/wp-json\/wp\/v2\/tags?post=6229"}],"curies":[{"name":"wp","href":"https:\/\/api.w.org\/{rel}","templated":true}]}}