{"id":6183,"date":"2020-01-16T10:05:57","date_gmt":"2020-01-16T10:05:57","guid":{"rendered":"http:\/\/radiokfor.com\/2\/?p=6183"},"modified":"2020-01-16T10:05:57","modified_gmt":"2020-01-16T10:05:57","slug":"fokus-grupa-o-potrebama-mladih","status":"publish","type":"post","link":"https:\/\/radiokfor.com\/2\/fokus-grupa-o-potrebama-mladih\/","title":{"rendered":"Fokus grupa o potrebama mladih"},"content":{"rendered":"<p>Omladinski savet Gra\u010danica organizova\u0107e fokus grupu sa mladim ljudima iz na\u0161e zajednice, sa ciljem da saznamo sa kakvim se izazovima mladi danas susre\u0107u.<\/p>\n<p>Upravo od rezultata fokus grupe zavisi\u0107e i aktivnosti Omladinskog \u00a0saveta, koji \u0107e se potruditi da ih uskladi sa potrebama mladih.<\/p>\n<p>Doga\u0111aj \u0107e biti odr\u017ean u petak 17. januara,\u00a0 sa po\u010detkom od 14:00 \u010dasova u prostorijama Mlade aktivne Gra\u010danice.<\/p>\n<p>Ova aktivnost je deo granta &#8220;Reaktivacija mladih&#8221; koji sprovodi Omladinski savet Gra\u010danica u saradnji sa Omladinskim savetom Parte\u0161, a finansiran je od projekta \u201ePodr\u0161ka Luksemburga za civilno dru\u0161tvo na Kosovu\u201c, koji finansira Vlada Velikog Vojvodstva Luksemburga i upravlja Kosovska Fondacija za Civilno Dru\u0161tvo (KCSF).<\/p>\n<p>Svi zainteresovani su dobrodo\u0161li.<\/p>\n","protected":false},"excerpt":{"rendered":"<p>Omladinski savet Gra\u010danica organizova\u0107e fokus grupu sa mladim ljudima iz na\u0161e zajednice, sa ciljem da saznamo sa kakvim se izazovima mladi danas susre\u0107u. Upravo od rezultata fokus grupe zavisi\u0107e i aktivnosti Omladinskog \u00a0saveta, koji \u0107e se potruditi da ih uskladi sa potrebama mladih. Doga\u0111aj \u0107e biti odr\u017ean u petak 17. januara,\u00a0 sa po\u010detkom od 14:00&hellip;<\/p>\n","protected":false},"author":2,"featured_media":6184,"comment_status":"closed","ping_status":"closed","sticky":false,"template":"","format":"standard","meta":{"footnotes":""},"categories":[2],"tags":[1817,1818,1819],"class_list":["post-6183","post","type-post","status-publish","format-standard","has-post-thumbnail","hentry","category-news","tag-fokus-grupa","tag-omladinski-savet-gracanica","tag-podrska-luksemburga-za-civilno-drustvo-na-kosovu","category-2","description-off"],"_links":{"self":[{"href":"https:\/\/radiokfor.com\/2\/wp-json\/wp\/v2\/posts\/6183","targetHints":{"allow":["GET"]}}],"collection":[{"href":"https:\/\/radiokfor.com\/2\/wp-json\/wp\/v2\/posts"}],"about":[{"href":"https:\/\/radiokfor.com\/2\/wp-json\/wp\/v2\/types\/post"}],"author":[{"embeddable":true,"href":"https:\/\/radiokfor.com\/2\/wp-json\/wp\/v2\/users\/2"}],"replies":[{"embeddable":true,"href":"https:\/\/radiokfor.com\/2\/wp-json\/wp\/v2\/comments?post=6183"}],"version-history":[{"count":1,"href":"https:\/\/radiokfor.com\/2\/wp-json\/wp\/v2\/posts\/6183\/revisions"}],"predecessor-version":[{"id":6185,"href":"https:\/\/radiokfor.com\/2\/wp-json\/wp\/v2\/posts\/6183\/revisions\/6185"}],"wp:featuredmedia":[{"embeddable":true,"href":"https:\/\/radiokfor.com\/2\/wp-json\/wp\/v2\/media\/6184"}],"wp:attachment":[{"href":"https:\/\/radiokfor.com\/2\/wp-json\/wp\/v2\/media?parent=6183"}],"wp:term":[{"taxonomy":"category","embeddable":true,"href":"https:\/\/radiokfor.com\/2\/wp-json\/wp\/v2\/categories?post=6183"},{"taxonomy":"post_tag","embeddable":true,"href":"https:\/\/radiokfor.com\/2\/wp-json\/wp\/v2\/tags?post=6183"}],"curies":[{"name":"wp","href":"https:\/\/api.w.org\/{rel}","templated":true}]}}