{"id":6101,"date":"2019-12-31T12:36:44","date_gmt":"2019-12-31T12:36:44","guid":{"rendered":"http:\/\/radiokfor.com\/2\/?p=6101"},"modified":"2019-12-31T12:36:44","modified_gmt":"2019-12-31T12:36:44","slug":"najlepsi-novogodisnji-poklon-za-omladinu-u-gracanici","status":"publish","type":"post","link":"https:\/\/radiokfor.com\/2\/najlepsi-novogodisnji-poklon-za-omladinu-u-gracanici\/","title":{"rendered":"Najlep\u0161i novogodi\u0161nji poklon za omladinu u Gra\u010danici"},"content":{"rendered":"<p>Predsednik op\u0161tine Gra\u010danica polo\u017eio je danas, uo\u010di po\u010detka 2020. godine, kamen temeljac za izgradnju modernog Omladinskog centra. Prema planu, Omladinski centar bi\u0107e sedi\u0161te okupljanja omladinskih nevladinih organizacija i svih onih koji \u017eele da rade u dru\u0161tvenom interesu.<\/p>\n<p>Predsednik Sr\u0111an Popovi\u0107 kazao je nakon polaganja temeljca da je ideja pokrenuta jo\u0161 pre godinu i po dana nakon razgovora sa predstavnicima omladinskih organizacija.<\/p>\n<p>\u201eTada smo razmatrali \u0161ta op\u0161tina mo\u017ee da uradi za njih i dogovorili smo izgradnju Omladinskog centra. Evo danas kao rezultat tog dogovora i na\u0161ih stalnih kontakata imamo po\u010detak izgradnje jednog modernog funkcionalnog objekta u centru Gra\u010danice. Mi smo kao op\u0161tina opredeljeni da ula\u017eemo u budu\u0107nost u omladinu i svaranje uslova za organizovanje mnogih aktivnosti koje \u0107e im slu\u017eiti kako za edukaciju tako i za dru\u0161tveno delovanje u na\u0161oj op\u0161tini a i \u0161ire. Ovaj projekat zajedi\u010dki radimo sa IOM-om. Op\u0161tina je za realizaciju ovog projekta izdvojila 17 hiljada evra a IOM 30 hiljada\u201c, kazao je Popovi\u0107.<\/p>\n<p>Du\u0161an Stanojkovi\u0107 \u010dlan Omladinskog saveta zahvalio se op\u0161tini Gra\u010danica i IOM-u \u0161to su prepoznali potrebe mladih.<\/p>\n<p>\u201eUveren sam\u00a0 da \u0107e Omladinski centar biti dom svih mladih koji \u017eele da rade, napreduju i razvijaju svoje ve\u0161tine. Smatramo ovo i velikim uspehom i nas omladinaca\u201c, kazao je Stanojkovi\u0107.<\/p>\n<p>Povr\u0161ina zgrade Omladinskog centra bi\u0107e oko 100 kvadrata na dva sprata. Na prvom spratu predvi\u0111ena je konferencijska sala dok \u0107e na drugom spratu biti kancelarije. Zavr\u0161etak ovog projekta o\u010dekuje se u martu 2020. godine.<\/p>\n","protected":false},"excerpt":{"rendered":"<p>Predsednik op\u0161tine Gra\u010danica polo\u017eio je danas, uo\u010di po\u010detka 2020. godine, kamen temeljac za izgradnju modernog Omladinskog centra. Prema planu, Omladinski centar bi\u0107e sedi\u0161te okupljanja omladinskih nevladinih organizacija i svih onih koji \u017eele da rade u dru\u0161tvenom interesu. Predsednik Sr\u0111an Popovi\u0107 kazao je nakon polaganja temeljca da je ideja pokrenuta jo\u0161 pre godinu i po dana&hellip;<\/p>\n","protected":false},"author":2,"featured_media":6105,"comment_status":"closed","ping_status":"closed","sticky":false,"template":"","format":"standard","meta":{"footnotes":""},"categories":[2],"tags":[1803],"class_list":["post-6101","post","type-post","status-publish","format-standard","has-post-thumbnail","hentry","category-news","tag-k4radio-k4story-gracanica-opstinagracanica-omladinskicentar","category-2","description-off"],"_links":{"self":[{"href":"https:\/\/radiokfor.com\/2\/wp-json\/wp\/v2\/posts\/6101","targetHints":{"allow":["GET"]}}],"collection":[{"href":"https:\/\/radiokfor.com\/2\/wp-json\/wp\/v2\/posts"}],"about":[{"href":"https:\/\/radiokfor.com\/2\/wp-json\/wp\/v2\/types\/post"}],"author":[{"embeddable":true,"href":"https:\/\/radiokfor.com\/2\/wp-json\/wp\/v2\/users\/2"}],"replies":[{"embeddable":true,"href":"https:\/\/radiokfor.com\/2\/wp-json\/wp\/v2\/comments?post=6101"}],"version-history":[{"count":2,"href":"https:\/\/radiokfor.com\/2\/wp-json\/wp\/v2\/posts\/6101\/revisions"}],"predecessor-version":[{"id":6106,"href":"https:\/\/radiokfor.com\/2\/wp-json\/wp\/v2\/posts\/6101\/revisions\/6106"}],"wp:featuredmedia":[{"embeddable":true,"href":"https:\/\/radiokfor.com\/2\/wp-json\/wp\/v2\/media\/6105"}],"wp:attachment":[{"href":"https:\/\/radiokfor.com\/2\/wp-json\/wp\/v2\/media?parent=6101"}],"wp:term":[{"taxonomy":"category","embeddable":true,"href":"https:\/\/radiokfor.com\/2\/wp-json\/wp\/v2\/categories?post=6101"},{"taxonomy":"post_tag","embeddable":true,"href":"https:\/\/radiokfor.com\/2\/wp-json\/wp\/v2\/tags?post=6101"}],"curies":[{"name":"wp","href":"https:\/\/api.w.org\/{rel}","templated":true}]}}