{"id":6088,"date":"2019-12-31T00:01:09","date_gmt":"2019-12-31T00:01:09","guid":{"rendered":"http:\/\/radiokfor.com\/2\/?p=6088"},"modified":"2019-12-30T14:15:14","modified_gmt":"2019-12-30T14:15:14","slug":"srecnu-novu-2020-godinu-zeli-vam-ekipa-k4-radija","status":"publish","type":"post","link":"https:\/\/radiokfor.com\/2\/srecnu-novu-2020-godinu-zeli-vam-ekipa-k4-radija\/","title":{"rendered":"Sre\u0107nu Novu 2020. godinu \u017eeli vam ekipa K4 radija!"},"content":{"rendered":"<p>Frekvencije KFOR radija bile su i ostac\u0301e glas mira i tolerancije na Kosovu gde se ceo tim svakodnevno trudi da uva\u017ei mi\u0161ljenje svih slu\u0161alaca jer je uloga svakog pojedinca bitna u izgradnji na\u0161eg odr\u017eivog multietni\u010dkog dru\u0161tva.<\/p>\n<p>20. godina lepog dru\u017eenja su za nama, nadamo se da \u0107e tako biti i u budu\u0107nosti. A posle mnogo godina zajedni\u010dkog \u201eBu\u0111enja\u201d, \u201eZujanja\u201d, \u201eGluvarenja\u201d, mi \u017eelimo da nam sada, vi\u0161e nego ikada, budete bli\u017ei, zato \u0161to i mi \u017eelimo da budemo bli\u017ei vama.<\/p>\n<p>Zbog toga, za sve verne slu\u0161aoce je ekipa KFOR radija, nakon najlu\u0111e no\u0107i, u kojoj \u0107emo se dru\u017eiti u \u201eGluvarenju\u201c, (za 1. i 2. januar) pripremila zanimljiv program, koji \u0107e obuhvatiti razli\u010dite emisije (\u201eVesti iz sveta \u0161ou-biznisa\u201c, \u201eTech World\u201c, \u201eNajbolje knjige\u201c, \u201eCosmopolis\u201c, \u201eMusic Zum\u201c, \u201eSportska dostignuc\u0301a\u201c, \u201eNajzanimljiviji doga\u0111aji na Kosovu\u201c, kao i \u201eKako ljudi slave Novu godinu \u0161irom sveta?\u201c) kako bi se osvrnuli na dostignu\u0107a i doga\u0111aje koji su obele\u017eili 2019. godinu.<\/p>\n<p>To\u010dak promena gazi sve pred sobom. Zato u 2020. godini, kada za sobom ostavljamo 20 godina rada, tokom kojih smo bili svedok svih doga\u0111anja i odluka va\u017enih za na\u0161e dru\u0161tvo propra\u0107enih najboljom i najnovijom muzikom svetske i doma\u0107e muzi\u010dke scene, obe\u0107avamo da \u0107emo po\u0161tuju\u0107i visoke standarde novinarske profesije, uvode\u0107i nove programske sadr\u017eaje i profesionalno izve\u0161tavaju\u0107i sa svih kulturnih doga\u0111aja \u010duvati ugled radija koji se sa posebnom pa\u017enjom prati i kojem se veruje.<\/p>\n<p>Sre\u0107no u 2020!<\/p>\n","protected":false},"excerpt":{"rendered":"<p>Frekvencije KFOR radija bile su i ostac\u0301e glas mira i tolerancije na Kosovu gde se ceo tim svakodnevno trudi da uva\u017ei mi\u0161ljenje svih slu\u0161alaca jer je uloga svakog pojedinca bitna u izgradnji na\u0161eg odr\u017eivog multietni\u010dkog dru\u0161tva. 20. godina lepog dru\u017eenja su za nama, nadamo se da \u0107e tako biti i u budu\u0107nosti. A posle mnogo&hellip;<\/p>\n","protected":false},"author":2,"featured_media":6091,"comment_status":"closed","ping_status":"closed","sticky":false,"template":"","format":"standard","meta":{"footnotes":""},"categories":[2],"tags":[1700,950],"class_list":["post-6088","post","type-post","status-publish","format-standard","has-post-thumbnail","hentry","category-news","tag-kfor-radio","tag-nova-godina","category-2","description-off"],"_links":{"self":[{"href":"https:\/\/radiokfor.com\/2\/wp-json\/wp\/v2\/posts\/6088","targetHints":{"allow":["GET"]}}],"collection":[{"href":"https:\/\/radiokfor.com\/2\/wp-json\/wp\/v2\/posts"}],"about":[{"href":"https:\/\/radiokfor.com\/2\/wp-json\/wp\/v2\/types\/post"}],"author":[{"embeddable":true,"href":"https:\/\/radiokfor.com\/2\/wp-json\/wp\/v2\/users\/2"}],"replies":[{"embeddable":true,"href":"https:\/\/radiokfor.com\/2\/wp-json\/wp\/v2\/comments?post=6088"}],"version-history":[{"count":1,"href":"https:\/\/radiokfor.com\/2\/wp-json\/wp\/v2\/posts\/6088\/revisions"}],"predecessor-version":[{"id":6089,"href":"https:\/\/radiokfor.com\/2\/wp-json\/wp\/v2\/posts\/6088\/revisions\/6089"}],"wp:featuredmedia":[{"embeddable":true,"href":"https:\/\/radiokfor.com\/2\/wp-json\/wp\/v2\/media\/6091"}],"wp:attachment":[{"href":"https:\/\/radiokfor.com\/2\/wp-json\/wp\/v2\/media?parent=6088"}],"wp:term":[{"taxonomy":"category","embeddable":true,"href":"https:\/\/radiokfor.com\/2\/wp-json\/wp\/v2\/categories?post=6088"},{"taxonomy":"post_tag","embeddable":true,"href":"https:\/\/radiokfor.com\/2\/wp-json\/wp\/v2\/tags?post=6088"}],"curies":[{"name":"wp","href":"https:\/\/api.w.org\/{rel}","templated":true}]}}