{"id":6079,"date":"2019-12-26T10:18:23","date_gmt":"2019-12-26T10:18:23","guid":{"rendered":"http:\/\/radiokfor.com\/2\/?p=6079"},"modified":"2019-12-26T10:18:23","modified_gmt":"2019-12-26T10:18:23","slug":"novogodisnji-koncert-i-izlozba-slika-u-lapljem-selu","status":"publish","type":"post","link":"https:\/\/radiokfor.com\/2\/novogodisnji-koncert-i-izlozba-slika-u-lapljem-selu\/","title":{"rendered":"Novogodi\u0161nji koncert i izlo\u017eba slika u Lapljem Selu"},"content":{"rendered":"<p>Muzi\u010dka \u0161kola \u201eStevan Mokranjac\u201c organizuje veliki novogodi\u0161nji koncert koji \u0107e biti odr\u017ean u petak, 27. decembra, od 18 \u010dasova u prostorijama ove \u0161kole u Lapljem Selu.<\/p>\n<p>Prisutni \u0107e imati priliku da \u010duju poznate kompozicije, kako klasi\u010dne tako i tradicionalne muzike, doma\u0107ih i svetskih autora, koje \u0107e u\u010denici izvoditi na klaviru, gitari i harmonici, najavljuje direktor ove obrazovne ustanove, Andrija Jovi\u0107.<\/p>\n<p><em>\u201eMuzi\u010dka \u0161kola \u201eStevan Mokranjac\u201c ve\u0107 tradicionalno organizuje novogodi\u0161nji koncert uo\u010di Nove godine. To je koncert na kome u\u010destvuju u\u010denici razli\u010ditog uzrasta, od prvog razreda osnovne muzi\u010dke \u0161kole do u\u010denika srednje muzi\u010dke \u0161kole, koji \u0107e u nekim ta\u010dkama nastupiti i sa svojim profesorima. Bi\u0107e raznovrstan program pa bih iskoristio priliku da pozovem i sve zainteresovane da do\u0111u i budu na\u0161i gosti na koncertu.\u201c<\/em><\/p>\n<p>Muzika ima izvanredan uticaj na \u017eivot svakog od nas, dok su crtanje i slikanje najprirodniji na\u010din pokazivanja kreativnosti. Me\u0111usobnim dopunjavanjem, likovna i muzi\u010dka umetnost mogu da probude na\u0161 um i \u010dula mnogo bolje nego \u0161to bi to mogle zasebno, zbog toga pored u\u017eivanja u klasi\u010dnoj muzici prisutni \u0107e u holu muzi\u010dke \u0161kole \u201eStevan Mokranjac\u201c imati prilike da pogledaju izlo\u017ebu slika &#8211; ulja na platnu profesora Radmile Miljkovi\u0107 iz Gra\u010danice.<\/p>\n","protected":false},"excerpt":{"rendered":"<p>Muzi\u010dka \u0161kola \u201eStevan Mokranjac\u201c organizuje veliki novogodi\u0161nji koncert koji \u0107e biti odr\u017ean u petak, 27. decembra, od 18 \u010dasova u prostorijama ove \u0161kole u Lapljem Selu. Prisutni \u0107e imati priliku da \u010duju poznate kompozicije, kako klasi\u010dne tako i tradicionalne muzike, doma\u0107ih i svetskih autora, koje \u0107e u\u010denici izvoditi na klaviru, gitari i harmonici, najavljuje direktor&hellip;<\/p>\n","protected":false},"author":2,"featured_media":6080,"comment_status":"closed","ping_status":"closed","sticky":false,"template":"","format":"standard","meta":{"footnotes":""},"categories":[2],"tags":[1798,360,696],"class_list":["post-6079","post","type-post","status-publish","format-standard","has-post-thumbnail","hentry","category-news","tag-andrija-jovic","tag-muzicka-skola-stevan-mokranjac","tag-novogodisnji-koncert","category-2","description-off"],"_links":{"self":[{"href":"https:\/\/radiokfor.com\/2\/wp-json\/wp\/v2\/posts\/6079","targetHints":{"allow":["GET"]}}],"collection":[{"href":"https:\/\/radiokfor.com\/2\/wp-json\/wp\/v2\/posts"}],"about":[{"href":"https:\/\/radiokfor.com\/2\/wp-json\/wp\/v2\/types\/post"}],"author":[{"embeddable":true,"href":"https:\/\/radiokfor.com\/2\/wp-json\/wp\/v2\/users\/2"}],"replies":[{"embeddable":true,"href":"https:\/\/radiokfor.com\/2\/wp-json\/wp\/v2\/comments?post=6079"}],"version-history":[{"count":1,"href":"https:\/\/radiokfor.com\/2\/wp-json\/wp\/v2\/posts\/6079\/revisions"}],"predecessor-version":[{"id":6081,"href":"https:\/\/radiokfor.com\/2\/wp-json\/wp\/v2\/posts\/6079\/revisions\/6081"}],"wp:featuredmedia":[{"embeddable":true,"href":"https:\/\/radiokfor.com\/2\/wp-json\/wp\/v2\/media\/6080"}],"wp:attachment":[{"href":"https:\/\/radiokfor.com\/2\/wp-json\/wp\/v2\/media?parent=6079"}],"wp:term":[{"taxonomy":"category","embeddable":true,"href":"https:\/\/radiokfor.com\/2\/wp-json\/wp\/v2\/categories?post=6079"},{"taxonomy":"post_tag","embeddable":true,"href":"https:\/\/radiokfor.com\/2\/wp-json\/wp\/v2\/tags?post=6079"}],"curies":[{"name":"wp","href":"https:\/\/api.w.org\/{rel}","templated":true}]}}