{"id":6075,"date":"2019-12-25T06:57:59","date_gmt":"2019-12-25T06:57:59","guid":{"rendered":"http:\/\/radiokfor.com\/2\/?p=6075"},"modified":"2019-12-25T06:57:59","modified_gmt":"2019-12-25T06:57:59","slug":"u-mitrovici-sareni-deda-mraz-plete-dzempere-za-nas","status":"publish","type":"post","link":"https:\/\/radiokfor.com\/2\/u-mitrovici-sareni-deda-mraz-plete-dzempere-za-nas\/","title":{"rendered":"U Mitrovici \u0161areni Deda Mraz plete d\u017eempere za nas"},"content":{"rendered":"<p>U Kulturnom centru \u201eAkvarijus\u201c u \u010detvrtak u 17:30 bi\u0107e otvorena novogodi\u0161nja izlo\u017eba polaznika edukativno-kreativne umetni\u010dke radinoce \u201eMali atelje\u201c. U okviru izlo\u017ebe bi\u0107e organizovana i akcija \u201eZa nove drugare \u2013 igra\u010dke stare\u201c.<br \/>\nOvo je tre\u0107a po redu novogodi\u0161nja izlo\u017eba koju organizuju polaznici edukativno-kreativne umetni\u010dke radinoce \u201eMali atelje\u201c.<\/p>\n<p>Polaznici \u201eMalog ateljea\u201d sami osmi\u0161ljavaju koncept izlo\u017ebe. Tako je prethodnih godina crveni Deda Mraz kuvao sarme za nas, a nakon toga ljubi\u010dasti Deda Mraz gradio muzej za nas. Ove godine d\u017eempere za nas plete \u0161areni Deda Mraz.<\/p>\n<p><em>\u201eCeo koncept izlo\u017ebe osmi\u0161ljavaju deca, to su njihove ideje. Autori izlo\u017ebe su oko trideset dvoje razli\u010ditih klinaca. Izlo\u017eba je kombinovanog karaktera, imamo ulje na platnu, papir, instalacija, kola\u017e, mini skulpture, dekoracije i svega ostalog. To je tako\u0111e sve njihov plan. Imali su vi\u0161e planova, ali nekada stvarno nemamo vremena da ostvarimo sve njihove \u017eelje. Nadamo se da \u0107e izlo\u017eba biti privla\u010dna za sve prisutne\u201d, rekla je Miljana Dun\u0111erin iz Kulturnog centra \u201eAkvarijus\u201d.<\/em><\/p>\n<p>U okviru izlo\u017ebe bi\u0107e organizovana i akcija \u201eZa nove drugare \u2013 igra\u010dke stare\u201c koje \u201eAkvarijus\u201c organizuje u saradnji sa NVO \u201eDomovik\u201c i neformalnom grupom \u201eUm za mlade\u201c iz Mitrovice.<\/p>\n<p><em>\u201eDeca \u0107e se potruditi da svoje stare igra\u010dke retu\u0161iraju, dorade, srede, upakuju, napi\u0161u neki lep tekst ili pesmu i onda \u0107e to biti dodeljeno ugro\u017eenoj deci.\u201d<\/em><\/p>\n<p>Kulturni centar \u201eAkvarijus\u201d 31. decembra organizuje i \u017eurku za svu decu koja \u0107e Novu godinu do\u010dekati u Mitrovici.<\/p>\n<p><em>\u201eMislim da \u0107e biti zabavno. Radionica je otvorena za svu decu iz Mitrovice, tako da svi oni koji budu po\u017eeleli da 31. svoje dete na dva sata sklone iz ku\u0107e dok se pripremaju za do\u0107ek Nove godine, a da ono za to vreme provede kvalitetno vreme, mogu da do\u0111u do galerije Akvarijus i budu ovde sa \u010dlanovima Malog ateljea, da vide kako je njima lepo svakog vikenda u mesecu.\u201d<\/em><\/p>\n<p>\u201eMali atelje\u201c vodi Miljana Dun\u0111erin, zajedno sa saradnicom u nastavi An\u0111elom Radenkovi\u0107 Popovi\u0107. De\u010dji radovi bi\u0107e izlo\u017eeni do 31. decembra 2019. godine.<\/p>\n","protected":false},"excerpt":{"rendered":"<p>U Kulturnom centru \u201eAkvarijus\u201c u \u010detvrtak u 17:30 bi\u0107e otvorena novogodi\u0161nja izlo\u017eba polaznika edukativno-kreativne umetni\u010dke radinoce \u201eMali atelje\u201c. U okviru izlo\u017ebe bi\u0107e organizovana i akcija \u201eZa nove drugare \u2013 igra\u010dke stare\u201c. Ovo je tre\u0107a po redu novogodi\u0161nja izlo\u017eba koju organizuju polaznici edukativno-kreativne umetni\u010dke radinoce \u201eMali atelje\u201c. Polaznici \u201eMalog ateljea\u201d sami osmi\u0161ljavaju koncept izlo\u017ebe. Tako je&hellip;<\/p>\n","protected":false},"author":2,"featured_media":6076,"comment_status":"closed","ping_status":"closed","sticky":false,"template":"","format":"standard","meta":{"footnotes":""},"categories":[2],"tags":[964,1797],"class_list":["post-6075","post","type-post","status-publish","format-standard","has-post-thumbnail","hentry","category-news","tag-kulturni-centar-akvarijus","tag-sareni-deda-mraz-plete-dzempere-za-nas","category-2","description-off"],"_links":{"self":[{"href":"https:\/\/radiokfor.com\/2\/wp-json\/wp\/v2\/posts\/6075","targetHints":{"allow":["GET"]}}],"collection":[{"href":"https:\/\/radiokfor.com\/2\/wp-json\/wp\/v2\/posts"}],"about":[{"href":"https:\/\/radiokfor.com\/2\/wp-json\/wp\/v2\/types\/post"}],"author":[{"embeddable":true,"href":"https:\/\/radiokfor.com\/2\/wp-json\/wp\/v2\/users\/2"}],"replies":[{"embeddable":true,"href":"https:\/\/radiokfor.com\/2\/wp-json\/wp\/v2\/comments?post=6075"}],"version-history":[{"count":1,"href":"https:\/\/radiokfor.com\/2\/wp-json\/wp\/v2\/posts\/6075\/revisions"}],"predecessor-version":[{"id":6077,"href":"https:\/\/radiokfor.com\/2\/wp-json\/wp\/v2\/posts\/6075\/revisions\/6077"}],"wp:featuredmedia":[{"embeddable":true,"href":"https:\/\/radiokfor.com\/2\/wp-json\/wp\/v2\/media\/6076"}],"wp:attachment":[{"href":"https:\/\/radiokfor.com\/2\/wp-json\/wp\/v2\/media?parent=6075"}],"wp:term":[{"taxonomy":"category","embeddable":true,"href":"https:\/\/radiokfor.com\/2\/wp-json\/wp\/v2\/categories?post=6075"},{"taxonomy":"post_tag","embeddable":true,"href":"https:\/\/radiokfor.com\/2\/wp-json\/wp\/v2\/tags?post=6075"}],"curies":[{"name":"wp","href":"https:\/\/api.w.org\/{rel}","templated":true}]}}