{"id":597,"date":"2018-11-28T12:43:40","date_gmt":"2018-11-28T12:43:40","guid":{"rendered":"http:\/\/radiokfor.com\/2\/?p=597"},"modified":"2018-11-28T12:44:12","modified_gmt":"2018-11-28T12:44:12","slug":"dokumentarac-nije-tvoja-imovina-danas-u-gracanici","status":"publish","type":"post","link":"https:\/\/radiokfor.com\/2\/dokumentarac-nije-tvoja-imovina-danas-u-gracanici\/","title":{"rendered":"Dokumentarac &#8220;Nije tvoja imovina&#8221; danas u Gra\u010danici"},"content":{"rendered":"<p>Povodom po\u010detka ovogodi\u0161njih &#8220;16 dana aktivizma&#8221; u okviru kampanje protiv rodno zasnovanog nasilja na Kosovu, danas \u0107e u Gra\u010danici biti prikazan dokumentarni film &#8220;Nije tvoja imovina&#8221; (&#8220;Not Your Property&#8221;).<\/p>\n<p>U skladu sa temom ovogodi\u0161nje kampanje &#8220;Saslu\u0161aj i mene&#8221; (&#8220;Hear Me Too&#8221;), u filmu su prikazane pri\u010de \u017eena iz razli\u010ditih zajednica na Kosovu koje su pre\u017eivele porodi\u010dno nasilje i njihovu posvec\u0301enost kao inspirativnih kreatora promena da re\u0161avaju ekonomska i pravna pitanja. Ispituju\u0107i sponu izme\u0111u nasilja i imovinskih prava, film razmatra kako obi\u010dajno pravo, koje uti\u010de na imovinsko pravo \u017eena, \u010dini \u017eene podlo\u017enim nasilju u porodici.<\/p>\n<p>Projekcija filma &#8220;Nije tvoja imovina&#8221; bi\u0107e prikazana oko 14 \u010dasova u Etno ku\u0107i u Gra\u010danici. Ulaz je slobodan.<\/p>\n","protected":false},"excerpt":{"rendered":"<p>Povodom po\u010detka ovogodi\u0161njih &#8220;16 dana aktivizma&#8221; u okviru kampanje protiv rodno zasnovanog nasilja na Kosovu, danas \u0107e u Gra\u010danici biti prikazan dokumentarni film &#8220;Nije tvoja imovina&#8221; (&#8220;Not Your Property&#8221;). U skladu sa temom ovogodi\u0161nje kampanje &#8220;Saslu\u0161aj i mene&#8221; (&#8220;Hear Me Too&#8221;), u filmu su prikazane pri\u010de \u017eena iz razli\u010ditih zajednica na Kosovu koje su pre\u017eivele&hellip;<\/p>\n","protected":false},"author":2,"featured_media":602,"comment_status":"open","ping_status":"open","sticky":false,"template":"","format":"standard","meta":{"footnotes":""},"categories":[2],"tags":[13,226,225],"class_list":["post-597","post","type-post","status-publish","format-standard","has-post-thumbnail","hentry","category-news","tag-gracanica","tag-etno-kuca-gracanica","tag-film-nije-tvoje-vlasnistvo","category-2","description-off"],"_links":{"self":[{"href":"https:\/\/radiokfor.com\/2\/wp-json\/wp\/v2\/posts\/597","targetHints":{"allow":["GET"]}}],"collection":[{"href":"https:\/\/radiokfor.com\/2\/wp-json\/wp\/v2\/posts"}],"about":[{"href":"https:\/\/radiokfor.com\/2\/wp-json\/wp\/v2\/types\/post"}],"author":[{"embeddable":true,"href":"https:\/\/radiokfor.com\/2\/wp-json\/wp\/v2\/users\/2"}],"replies":[{"embeddable":true,"href":"https:\/\/radiokfor.com\/2\/wp-json\/wp\/v2\/comments?post=597"}],"version-history":[{"count":2,"href":"https:\/\/radiokfor.com\/2\/wp-json\/wp\/v2\/posts\/597\/revisions"}],"predecessor-version":[{"id":606,"href":"https:\/\/radiokfor.com\/2\/wp-json\/wp\/v2\/posts\/597\/revisions\/606"}],"wp:featuredmedia":[{"embeddable":true,"href":"https:\/\/radiokfor.com\/2\/wp-json\/wp\/v2\/media\/602"}],"wp:attachment":[{"href":"https:\/\/radiokfor.com\/2\/wp-json\/wp\/v2\/media?parent=597"}],"wp:term":[{"taxonomy":"category","embeddable":true,"href":"https:\/\/radiokfor.com\/2\/wp-json\/wp\/v2\/categories?post=597"},{"taxonomy":"post_tag","embeddable":true,"href":"https:\/\/radiokfor.com\/2\/wp-json\/wp\/v2\/tags?post=597"}],"curies":[{"name":"wp","href":"https:\/\/api.w.org\/{rel}","templated":true}]}}