{"id":5823,"date":"2019-11-22T14:26:13","date_gmt":"2019-11-22T14:26:13","guid":{"rendered":"http:\/\/radiokfor.com\/2\/?p=5823"},"modified":"2019-11-22T14:26:13","modified_gmt":"2019-11-22T14:26:13","slug":"sta-znaci-raditi-na-kfor-radiju-emina-hyseni-shala","status":"publish","type":"post","link":"https:\/\/radiokfor.com\/2\/sta-znaci-raditi-na-kfor-radiju-emina-hyseni-shala\/","title":{"rendered":"\u0160ta zna\u010di raditi na KFOR radiju \u2013 Emina Hyseni Shala"},"content":{"rendered":"<p>\u201eOd svog uspostavljanja 1999. godine, talasi Radio KFOR-a sa nestrpljenjem su i\u0161\u010dekivani po\u0161to emituju mirne, obrazovne, kulturne poruke, poruke tolerancije i su\u017eivota. Moje iskustvo ovde po\u010dinje sa uklapanjem osnovnih ljudskih vrednosti, kao \u0161to su poverenje, integritet i timski rad. Kao rukovodilac Radio KFOR-a, uvek sam se trudila da pru\u017eim ono najbolje svojim kolegama, a sa njima i na\u0161im slu\u0161aocima.<\/p>\n<p>Ovih 20 godina mogu se definisati kao kaleidoskop najsrec\u0301nijih i najboljih sec\u0301anja u mom \u017eivotu, prijateljstva i novih poznanstava.<\/p>\n<p>Prona\u0161la sam svoje nove prijatelje i kolege koje su radile dan i noc\u0301 kako bi osigurali da ovaj dan zajedno proslavimo. Tokom dvadeset godina Radio KFOR je pretrpeo promene, ali mi smo uvek te\u017eili da budemo bli\u017ei na\u0161im slu\u0161aocima i tako smo, uz mnogo napornog rada i predanosti, uspeli da postanemo svakog dana sve ja\u010di i efikasniji nego ikada ranije.<\/p>\n<p>Radio KFOR \u010dini visoko kvalifikovano osoblje sastavljeno od pripadnika albanske i srpske zajednice. Saradnja je veoma dobra, \u0161to se ogleda kroz radio talase. Imam srec\u0301u da imam tako fantasti\u010dan tim predanih i odanih zaposlenih.<\/p>\n<p>Ovih 20 godina mog rada na KFOR radiju bile su godine kojih c\u0301u se uvek sec\u0301ati sa velikom simpatijom. Bio je to dug, izazovan put, ali kada poku\u0161ate da izgradite verodostojne sadr\u017eaje koji su u osnovi informativni, obrazovni, zabavni, bri\u017eni, po\u0161tujuc\u0301i jedni druge, vrednosti multietni\u010dke i mirne zajedni\u010dke kulture, bez sumnje uspeh je zagarantovan.<\/p>\n<p>Sa ponosom mo\u017eemo rec\u0301i da su razne nacije mirovnih trupa KFOR-a zajedno sa timom KFOR-a uspele da unaprede \u017eivot svih zajednica koje \u017eive na Kosovu.<\/p>\n<p>\u017delim Radio KFOR-u jo\u0161 mnogo godi\u0161njica, puno vi\u0161e pri\u010da o uspehu i jo\u0161 mnogo dostignuc\u0301a koja su pred nama. Do tada, nastavimo sa vrednim radom i nastavimo ka vi\u0161im ciljevima. Kako ka\u017eu, \u201eoni koji sanjaju velike stvari posti\u017eu velike stvari\u201c. I na kraju, moram da zahvalim svojoj porodici na ogromnoj podr\u0161ci da stignem do mesta na kojem sam danas.&#8221;<\/p>\n","protected":false},"excerpt":{"rendered":"<p>\u201eOd svog uspostavljanja 1999. godine, talasi Radio KFOR-a sa nestrpljenjem su i\u0161\u010dekivani po\u0161to emituju mirne, obrazovne, kulturne poruke, poruke tolerancije i su\u017eivota. Moje iskustvo ovde po\u010dinje sa uklapanjem osnovnih ljudskih vrednosti, kao \u0161to su poverenje, integritet i timski rad. Kao rukovodilac Radio KFOR-a, uvek sam se trudila da pru\u017eim ono najbolje svojim kolegama, a sa&hellip;<\/p>\n","protected":false},"author":2,"featured_media":5825,"comment_status":"closed","ping_status":"closed","sticky":false,"template":"","format":"standard","meta":{"footnotes":""},"categories":[2],"tags":[1676,1704,691],"class_list":["post-5823","post","type-post","status-publish","format-standard","has-post-thumbnail","hentry","category-news","tag-20-godina","tag-proslava","tag-radio-kfor","category-2","description-off"],"_links":{"self":[{"href":"https:\/\/radiokfor.com\/2\/wp-json\/wp\/v2\/posts\/5823","targetHints":{"allow":["GET"]}}],"collection":[{"href":"https:\/\/radiokfor.com\/2\/wp-json\/wp\/v2\/posts"}],"about":[{"href":"https:\/\/radiokfor.com\/2\/wp-json\/wp\/v2\/types\/post"}],"author":[{"embeddable":true,"href":"https:\/\/radiokfor.com\/2\/wp-json\/wp\/v2\/users\/2"}],"replies":[{"embeddable":true,"href":"https:\/\/radiokfor.com\/2\/wp-json\/wp\/v2\/comments?post=5823"}],"version-history":[{"count":1,"href":"https:\/\/radiokfor.com\/2\/wp-json\/wp\/v2\/posts\/5823\/revisions"}],"predecessor-version":[{"id":5826,"href":"https:\/\/radiokfor.com\/2\/wp-json\/wp\/v2\/posts\/5823\/revisions\/5826"}],"wp:featuredmedia":[{"embeddable":true,"href":"https:\/\/radiokfor.com\/2\/wp-json\/wp\/v2\/media\/5825"}],"wp:attachment":[{"href":"https:\/\/radiokfor.com\/2\/wp-json\/wp\/v2\/media?parent=5823"}],"wp:term":[{"taxonomy":"category","embeddable":true,"href":"https:\/\/radiokfor.com\/2\/wp-json\/wp\/v2\/categories?post=5823"},{"taxonomy":"post_tag","embeddable":true,"href":"https:\/\/radiokfor.com\/2\/wp-json\/wp\/v2\/tags?post=5823"}],"curies":[{"name":"wp","href":"https:\/\/api.w.org\/{rel}","templated":true}]}}