{"id":5807,"date":"2019-11-21T12:30:18","date_gmt":"2019-11-21T12:30:18","guid":{"rendered":"http:\/\/radiokfor.com\/2\/?p=5807"},"modified":"2019-11-21T12:30:18","modified_gmt":"2019-11-21T12:30:18","slug":"premijera-zaledenog-kraljevstva-2","status":"publish","type":"post","link":"https:\/\/radiokfor.com\/2\/premijera-zaledenog-kraljevstva-2\/","title":{"rendered":"Premijera  \u201eZale\u0111enog kraljevstva 2\u201c"},"content":{"rendered":"<p>Ve\u010deras \u0107e se u Domu kulture u Gra\u010danici prikazivati animirani film \u201eZale\u0111eno kraljevstvo 2\u201c sa po\u010detkom od 19:00 \u010dasova.<\/p>\n<p>Za\u0161to je Elza ro\u0111ena sa \u010darobnim \u0161tapi\u0107em? Odgovor na to pitanje je doziva ali i preti kraljevstvu. Zajedno sa Anom, Kristofom, Olafom i Svenom\u00a0 upusti\u0107e se na opasno ali i izvanredno i uzbudljivo putovanje.<\/p>\n<p>U \u201eZale\u0111enom kraljevstvu\u201c\u00a0 Elza se pribojavala da su njene mo\u0107i previ\u0161e jake za svet. U \u201eZale\u0111enom kraljevstvu 2\u201c mora verovati da su dovoljne.<\/p>\n<p>Svi najmla\u0111i gledaoci su dobrodo\u0161li, kao i oni stariji ljubitelji animiranog filma.<\/p>\n<p>&nbsp;<\/p>\n","protected":false},"excerpt":{"rendered":"<p>Ve\u010deras \u0107e se u Domu kulture u Gra\u010danici prikazivati animirani film \u201eZale\u0111eno kraljevstvo 2\u201c sa po\u010detkom od 19:00 \u010dasova. Za\u0161to je Elza ro\u0111ena sa \u010darobnim \u0161tapi\u0107em? Odgovor na to pitanje je doziva ali i preti kraljevstvu. Zajedno sa Anom, Kristofom, Olafom i Svenom\u00a0 upusti\u0107e se na opasno ali i izvanredno i uzbudljivo putovanje. U \u201eZale\u0111enom&hellip;<\/p>\n","protected":false},"author":2,"featured_media":5808,"comment_status":"closed","ping_status":"closed","sticky":false,"template":"","format":"standard","meta":{"footnotes":""},"categories":[2],"tags":[1466,220,1721],"class_list":["post-5807","post","type-post","status-publish","format-standard","has-post-thumbnail","hentry","category-news","tag-premijera","tag-dom-kulture","tag-zaledeno-kraljevstvo","category-2","description-off"],"_links":{"self":[{"href":"https:\/\/radiokfor.com\/2\/wp-json\/wp\/v2\/posts\/5807","targetHints":{"allow":["GET"]}}],"collection":[{"href":"https:\/\/radiokfor.com\/2\/wp-json\/wp\/v2\/posts"}],"about":[{"href":"https:\/\/radiokfor.com\/2\/wp-json\/wp\/v2\/types\/post"}],"author":[{"embeddable":true,"href":"https:\/\/radiokfor.com\/2\/wp-json\/wp\/v2\/users\/2"}],"replies":[{"embeddable":true,"href":"https:\/\/radiokfor.com\/2\/wp-json\/wp\/v2\/comments?post=5807"}],"version-history":[{"count":1,"href":"https:\/\/radiokfor.com\/2\/wp-json\/wp\/v2\/posts\/5807\/revisions"}],"predecessor-version":[{"id":5809,"href":"https:\/\/radiokfor.com\/2\/wp-json\/wp\/v2\/posts\/5807\/revisions\/5809"}],"wp:featuredmedia":[{"embeddable":true,"href":"https:\/\/radiokfor.com\/2\/wp-json\/wp\/v2\/media\/5808"}],"wp:attachment":[{"href":"https:\/\/radiokfor.com\/2\/wp-json\/wp\/v2\/media?parent=5807"}],"wp:term":[{"taxonomy":"category","embeddable":true,"href":"https:\/\/radiokfor.com\/2\/wp-json\/wp\/v2\/categories?post=5807"},{"taxonomy":"post_tag","embeddable":true,"href":"https:\/\/radiokfor.com\/2\/wp-json\/wp\/v2\/tags?post=5807"}],"curies":[{"name":"wp","href":"https:\/\/api.w.org\/{rel}","templated":true}]}}