{"id":5631,"date":"2019-11-06T13:07:25","date_gmt":"2019-11-06T13:07:25","guid":{"rendered":"http:\/\/radiokfor.com\/2\/?p=5631"},"modified":"2019-11-06T13:07:25","modified_gmt":"2019-11-06T13:07:25","slug":"sta-se-zapravo-menja-u-braku","status":"publish","type":"post","link":"https:\/\/radiokfor.com\/2\/sta-se-zapravo-menja-u-braku\/","title":{"rendered":"\u0160ta se zapravo menja u braku?"},"content":{"rendered":"<p>\u010cesta je \u017eenska ideja da \u0107e se njen dragi u braku promeniti. Sve \u0107e tada biti druga\u010dije, misli ona, sve ove njegove sitne nesavr\u0161enosti (voli ga ona i s njima, ali bi ipak radije da ih nema) nesta\u0107e kad bude o\u017eenjen \u010dovek, mora\u0107e da se uozbilji tada. Onda do\u0111e kao veliko iznena\u0111enje \u0161to se to ne desi.<\/p>\n<p>Mu\u0161karci se u braku ne promene. Naravno, tokom dugog perioda do\u0107i \u0107e do nekih promena, ali samo to \u0161to je stupio u brak ne\u0107e promeniti mu\u0161karca, niti \u0107e njemu pasti na pamet da treba da se menja. On se o\u017eenio zato \u0161to je sa osobom s kojom \u017eeli da bude, na na\u010din na koji \u017eeli da bude, i \u017eeli da to stanje bude trajno \u2013 da niti se on sam menja, niti da se njegova draga promeni. \u0160to se mu\u0161karaca ti\u010de, \u017eena bi trebalo da i u braku ostane ona vesela osoba s kojom su se zabavljali i s kojom su toliko u\u017eivali \u2013 ba\u0161 zbog tog u\u017eivanja su i po\u017eeleli da vezu u\u010dine ve\u010dnom.<\/p>\n<p>Ono \u010demu se ve\u0107ina mu\u0161karaca nada jeste da njihova draga ne\u0107e postati zahtevnija u braku nego \u0161to je bila u toku zabavljanja, kao i da ne\u0107e promeniti fizi\u010dki izgled \u2013 a \u017eene veoma \u010desto u braku postanu zahtevnije jer to smatraju mnogo ozbiljnijim nego \u0161to je bilo zabavljanje, i u skladu s tom svojom promenom, promene i svoj izgled.<\/p>\n<p>Bra\u010dna zajednica zahteva da se dvoje ljudi konstantno prilago\u0111avaju potrebama onog drugog, definitivno zahteva vi\u0161e ozbiljnosti od zabavljanja, i ako oboje nisu spremni za to (i ako nisu sigurni da je i ono drugo spremno za to, takvo kakvo je u tom trenutku), bolje je da se brak odlo\u017ei.<\/p>\n","protected":false},"excerpt":{"rendered":"<p>\u010cesta je \u017eenska ideja da \u0107e se njen dragi u braku promeniti. Sve \u0107e tada biti druga\u010dije, misli ona, sve ove njegove sitne nesavr\u0161enosti (voli ga ona i s njima, ali bi ipak radije da ih nema) nesta\u0107e kad bude o\u017eenjen \u010dovek, mora\u0107e da se uozbilji tada. Onda do\u0111e kao veliko iznena\u0111enje \u0161to se to&hellip;<\/p>\n","protected":false},"author":2,"featured_media":5633,"comment_status":"closed","ping_status":"closed","sticky":false,"template":"","format":"standard","meta":{"footnotes":""},"categories":[2],"tags":[1529,1693,1584,1073],"class_list":["post-5631","post","type-post","status-publish","format-standard","has-post-thumbnail","hentry","category-news","tag-muskarci","tag-promene","tag-brak","tag-zene","category-2","description-off"],"_links":{"self":[{"href":"https:\/\/radiokfor.com\/2\/wp-json\/wp\/v2\/posts\/5631","targetHints":{"allow":["GET"]}}],"collection":[{"href":"https:\/\/radiokfor.com\/2\/wp-json\/wp\/v2\/posts"}],"about":[{"href":"https:\/\/radiokfor.com\/2\/wp-json\/wp\/v2\/types\/post"}],"author":[{"embeddable":true,"href":"https:\/\/radiokfor.com\/2\/wp-json\/wp\/v2\/users\/2"}],"replies":[{"embeddable":true,"href":"https:\/\/radiokfor.com\/2\/wp-json\/wp\/v2\/comments?post=5631"}],"version-history":[{"count":1,"href":"https:\/\/radiokfor.com\/2\/wp-json\/wp\/v2\/posts\/5631\/revisions"}],"predecessor-version":[{"id":5634,"href":"https:\/\/radiokfor.com\/2\/wp-json\/wp\/v2\/posts\/5631\/revisions\/5634"}],"wp:featuredmedia":[{"embeddable":true,"href":"https:\/\/radiokfor.com\/2\/wp-json\/wp\/v2\/media\/5633"}],"wp:attachment":[{"href":"https:\/\/radiokfor.com\/2\/wp-json\/wp\/v2\/media?parent=5631"}],"wp:term":[{"taxonomy":"category","embeddable":true,"href":"https:\/\/radiokfor.com\/2\/wp-json\/wp\/v2\/categories?post=5631"},{"taxonomy":"post_tag","embeddable":true,"href":"https:\/\/radiokfor.com\/2\/wp-json\/wp\/v2\/tags?post=5631"}],"curies":[{"name":"wp","href":"https:\/\/api.w.org\/{rel}","templated":true}]}}