{"id":5627,"date":"2019-11-06T12:07:36","date_gmt":"2019-11-06T12:07:36","guid":{"rendered":"http:\/\/radiokfor.com\/2\/?p=5627"},"modified":"2019-11-06T12:07:36","modified_gmt":"2019-11-06T12:07:36","slug":"terminator-se-vratio-na-veliko-platno","status":"publish","type":"post","link":"https:\/\/radiokfor.com\/2\/terminator-se-vratio-na-veliko-platno\/","title":{"rendered":"Terminator se vratio na veliko platno!"},"content":{"rendered":"<p>Arnold \u0160varceneger se nije \u0161alio kad je rekao: \u201eVrati\u0107u se&#8221; i publika u Gra\u010danici dobija drugu \u0161ansu da odgleda nastavak serijala o Terminatoru.<\/p>\n<p>Film \u201eTerminator: Mra\u010dna sudbina&#8221; koji predstavlja, kako autori ka\u017eu nastavak drugog dela filma iz 1991. godine i koji je ponovo okupio staru, dobro poznatu ekipu glumaca &#8211; Arnolda \u0160varcenegera u ulozi Terminatora i Lindu Hamilton u ulozi Sare Konor, bi\u0107e prikazan na velikom platnu Doma kulture Gra\u010danica.<\/p>\n<p>Vi\u0161e od dve decenije su pro\u0161le od kako je Sara \u041aonor spre\u010dila Sudnji dan, promenila budu\u0107nost i ponovo napisala sudbinu ljudske rase. Deni Ramos \u017eivi jednostavan \u017eivot sa ocem i bratom u Meksiko Sitiju kada se kroz vreme vrati napredni i smrtonosni Terminator Rev-9 sa namerom da je ulovi i ubije.<\/p>\n<p>Denin \u017eivot zavisi od udru\u017eivanja sa dve ratnice: Grejs i unapre\u0111enog vojnika iz budu\u0107nosti Sare \u041aonor. \u041aako Rev-9 nemilosrdno uni\u0161tava sve i svakog na svom putu kako bi do\u0161ao do Deni, njih tri odlaze kod T-800, \u010doveka iz Sarine pro\u0161losti, koji je njihova poslednja nada.<\/p>\n<p>Projekcija filma je zakazana za \u010detvrtak 7. novembar u 21:00 \u010das.<\/p>\n","protected":false},"excerpt":{"rendered":"<p>Arnold \u0160varceneger se nije \u0161alio kad je rekao: \u201eVrati\u0107u se&#8221; i publika u Gra\u010danici dobija drugu \u0161ansu da odgleda nastavak serijala o Terminatoru. Film \u201eTerminator: Mra\u010dna sudbina&#8221; koji predstavlja, kako autori ka\u017eu nastavak drugog dela filma iz 1991. godine i koji je ponovo okupio staru, dobro poznatu ekipu glumaca &#8211; Arnolda \u0160varcenegera u ulozi Terminatora&hellip;<\/p>\n","protected":false},"author":2,"featured_media":5629,"comment_status":"closed","ping_status":"closed","sticky":false,"template":"","format":"standard","meta":{"footnotes":""},"categories":[2],"tags":[21,1698],"class_list":["post-5627","post","type-post","status-publish","format-standard","has-post-thumbnail","hentry","category-news","tag-dom-kulture-gracanica","tag-terminator-mracna-sudbina","category-2","description-off"],"_links":{"self":[{"href":"https:\/\/radiokfor.com\/2\/wp-json\/wp\/v2\/posts\/5627","targetHints":{"allow":["GET"]}}],"collection":[{"href":"https:\/\/radiokfor.com\/2\/wp-json\/wp\/v2\/posts"}],"about":[{"href":"https:\/\/radiokfor.com\/2\/wp-json\/wp\/v2\/types\/post"}],"author":[{"embeddable":true,"href":"https:\/\/radiokfor.com\/2\/wp-json\/wp\/v2\/users\/2"}],"replies":[{"embeddable":true,"href":"https:\/\/radiokfor.com\/2\/wp-json\/wp\/v2\/comments?post=5627"}],"version-history":[{"count":1,"href":"https:\/\/radiokfor.com\/2\/wp-json\/wp\/v2\/posts\/5627\/revisions"}],"predecessor-version":[{"id":5630,"href":"https:\/\/radiokfor.com\/2\/wp-json\/wp\/v2\/posts\/5627\/revisions\/5630"}],"wp:featuredmedia":[{"embeddable":true,"href":"https:\/\/radiokfor.com\/2\/wp-json\/wp\/v2\/media\/5629"}],"wp:attachment":[{"href":"https:\/\/radiokfor.com\/2\/wp-json\/wp\/v2\/media?parent=5627"}],"wp:term":[{"taxonomy":"category","embeddable":true,"href":"https:\/\/radiokfor.com\/2\/wp-json\/wp\/v2\/categories?post=5627"},{"taxonomy":"post_tag","embeddable":true,"href":"https:\/\/radiokfor.com\/2\/wp-json\/wp\/v2\/tags?post=5627"}],"curies":[{"name":"wp","href":"https:\/\/api.w.org\/{rel}","templated":true}]}}