{"id":5502,"date":"2019-10-27T11:17:05","date_gmt":"2019-10-27T11:17:05","guid":{"rendered":"http:\/\/radiokfor.com\/2\/?p=5502"},"modified":"2019-10-27T11:17:05","modified_gmt":"2019-10-27T11:17:05","slug":"svetski-dan-audio-i-vizuelnog-nasleda","status":"publish","type":"post","link":"https:\/\/radiokfor.com\/2\/svetski-dan-audio-i-vizuelnog-nasleda\/","title":{"rendered":"Svetski dan audio i vizuelnog nasle\u0111a"},"content":{"rendered":"<p>Audio-video zapisi kao \u0161to su film, video, radio i snimljeni zvu\u010dni zapisi su ogledalo ljudske kreativnosti i \u017eiva fabrika kulture. Oni ne samo da \u010duvaju u prostoru i vremenu najdragocenija svedo\u010danstva na\u0161e istorije, ve\u0107 podsti\u010du dijalog i bolje razumevanje razli\u010ditih kultura i pogleda na svet.<\/p>\n<p>Ideja da 27. oktobar bude progla\u0161en za Svetski dan audiovizuelne kuturne ba\u0161tine je da se na ovaj na\u010din podigne svesnost o potrebi za\u0161tite audio-vizuelnog nasle\u0111a.<\/p>\n<p>\u201cRazvoj tehnologije je doprineo i razvoju audio i video zapisa. Me\u0111utim, razvoj tehnologije ima i negativnu stranu. Danas je mogu\u0107nost kreiranja video i audio zapisa dostupna svima jer skoro svako poseduje mobilni telefon i mo\u017ee da samostalno kreira audio i video zapise. Nekada je to vi\u0161e bilo namenjeno televizijskoj i filmskoj industriji a tu postoji odre\u0111eni set pravila koji se moraju po\u0161tovati pa se na taj na\u010din doprinosi kvalitetu kako sa tehni\u010dke tako i sa umetni\u010dke strane. Audio i video zapisi bi trebalo da predstavljaju vizualizaciju ne\u010dije ideje i kreativnosti\u201c, rekao je Vladimir Maksimovi\u0107 sa Fakulteta tehni\u010dkih nauka u Severnoj Mitrovici.<\/p>\n<p>\u201eJako je va\u017eno da sa\u010duvamo stare video zapise koji nas na neku na\u010din vra\u0107aju u to vreme i poma\u017eu da razumemo mnoge stvari koje su se tada de\u0161avale. Zato je va\u017eno da to nasle\u0111e \u010duvamo i negujemo jer ono svakako doprinosi obrazovanju i kulturi\u201c, dodao je Vladimir.<\/p>\n<p>Njegovo nestajanje bi predstavljalo nenadoknadivo osiroma\u0161enje kulturne ba\u0161tine koju stru\u010dnjaci nazivaju i &#8220;Memorija sveta&#8221;. Podse\u0107anje na zna\u010daj ovog kulturnog nasle\u0111a uslov je njegovog opstanka. Sa\u010duvajmo ga zajedno.<\/p>\n","protected":false},"excerpt":{"rendered":"<p>Audio-video zapisi kao \u0161to su film, video, radio i snimljeni zvu\u010dni zapisi su ogledalo ljudske kreativnosti i \u017eiva fabrika kulture. Oni ne samo da \u010duvaju u prostoru i vremenu najdragocenija svedo\u010danstva na\u0161e istorije, ve\u0107 podsti\u010du dijalog i bolje razumevanje razli\u010ditih kultura i pogleda na svet. Ideja da 27. oktobar bude progla\u0161en za Svetski dan audiovizuelne&hellip;<\/p>\n","protected":false},"author":2,"featured_media":5505,"comment_status":"closed","ping_status":"closed","sticky":false,"template":"","format":"standard","meta":{"footnotes":""},"categories":[2],"tags":[],"class_list":["post-5502","post","type-post","status-publish","format-standard","has-post-thumbnail","hentry","category-news","category-2","description-off"],"_links":{"self":[{"href":"https:\/\/radiokfor.com\/2\/wp-json\/wp\/v2\/posts\/5502","targetHints":{"allow":["GET"]}}],"collection":[{"href":"https:\/\/radiokfor.com\/2\/wp-json\/wp\/v2\/posts"}],"about":[{"href":"https:\/\/radiokfor.com\/2\/wp-json\/wp\/v2\/types\/post"}],"author":[{"embeddable":true,"href":"https:\/\/radiokfor.com\/2\/wp-json\/wp\/v2\/users\/2"}],"replies":[{"embeddable":true,"href":"https:\/\/radiokfor.com\/2\/wp-json\/wp\/v2\/comments?post=5502"}],"version-history":[{"count":1,"href":"https:\/\/radiokfor.com\/2\/wp-json\/wp\/v2\/posts\/5502\/revisions"}],"predecessor-version":[{"id":5506,"href":"https:\/\/radiokfor.com\/2\/wp-json\/wp\/v2\/posts\/5502\/revisions\/5506"}],"wp:featuredmedia":[{"embeddable":true,"href":"https:\/\/radiokfor.com\/2\/wp-json\/wp\/v2\/media\/5505"}],"wp:attachment":[{"href":"https:\/\/radiokfor.com\/2\/wp-json\/wp\/v2\/media?parent=5502"}],"wp:term":[{"taxonomy":"category","embeddable":true,"href":"https:\/\/radiokfor.com\/2\/wp-json\/wp\/v2\/categories?post=5502"},{"taxonomy":"post_tag","embeddable":true,"href":"https:\/\/radiokfor.com\/2\/wp-json\/wp\/v2\/tags?post=5502"}],"curies":[{"name":"wp","href":"https:\/\/api.w.org\/{rel}","templated":true}]}}