{"id":546,"date":"2018-10-25T12:19:04","date_gmt":"2018-10-25T12:19:04","guid":{"rendered":"http:\/\/radiokfor.com\/2\/?p=546"},"modified":"2018-11-28T12:21:09","modified_gmt":"2018-11-28T12:21:09","slug":"sedmi-grafest-u-novembru-u-gracanici","status":"publish","type":"post","link":"https:\/\/radiokfor.com\/2\/sedmi-grafest-u-novembru-u-gracanici\/","title":{"rendered":"Sedmi GRAFEST u novembru u Gra\u010danici"},"content":{"rendered":"<p>Organizator \u201eGrafesta 2018\u201c poziva televizijske i samostalne produkcije, kao i nezavisne autore sa Kosova da prijave svoje dokumentarne filmove i srodne dokumentarne televizijske forme (reporta\u017ee, emisije, priloge) proizvedene posle 01. januara 2016. godine.<\/p>\n<p>Nema ograni\u010denja u trajanju (minuta\u017ei), ali broj prijavljenih radova koje pojedina\u010dna produkcija mo\u017ee da prijavi ne sme da prema\u0161i deset. GRAFEST prikazuje samo dokumentarne forme.<\/p>\n<p>Zabavno-muzi\u010dki, sportski i igrani sadr\u017eaji ne mogu biti uzeti u razmatranje.Prijave su u toku.<\/p>\n<p>Radovi koji \u0107e biti odabrani od strane selektora kao i revijalni filmovi i ove godine bi\u0107e prikazivani u Galeriji \u201eAkvarijus\u201c u Mitrovici a po prvi put u Prizrenskoj Bogosloviji \u201cSveti Kirilo i Metodije\u201c.<\/p>\n<p>Sedmi me\u0111unarodni festival dokumentarnog filma i televizijskih formi \u201eGRAFEST 2018\u201c odr\u017ea\u0107e se od 6. do 8 novembra 2018 godine u Domu kulture \u201eGra\u010danica\u201c.<\/p>\n<p>Organizator festivala je Dom kulture \u201eGra\u010danica\u201c.<\/p>\n","protected":false},"excerpt":{"rendered":"<p>Organizator \u201eGrafesta 2018\u201c poziva televizijske i samostalne produkcije, kao i nezavisne autore sa Kosova da prijave svoje dokumentarne filmove i srodne dokumentarne televizijske forme (reporta\u017ee, emisije, priloge) proizvedene posle 01. januara 2016. godine. Nema ograni\u010denja u trajanju (minuta\u017ei), ali broj prijavljenih radova koje pojedina\u010dna produkcija mo\u017ee da prijavi ne sme da prema\u0161i deset. GRAFEST prikazuje&hellip;<\/p>\n","protected":false},"author":2,"featured_media":549,"comment_status":"open","ping_status":"open","sticky":false,"template":"","format":"standard","meta":{"footnotes":""},"categories":[2],"tags":[13,28,200],"class_list":["post-546","post","type-post","status-publish","format-standard","has-post-thumbnail","hentry","category-news","tag-gracanica","tag-dokumentarni-film","tag-grafest","category-2","description-off"],"_links":{"self":[{"href":"https:\/\/radiokfor.com\/2\/wp-json\/wp\/v2\/posts\/546","targetHints":{"allow":["GET"]}}],"collection":[{"href":"https:\/\/radiokfor.com\/2\/wp-json\/wp\/v2\/posts"}],"about":[{"href":"https:\/\/radiokfor.com\/2\/wp-json\/wp\/v2\/types\/post"}],"author":[{"embeddable":true,"href":"https:\/\/radiokfor.com\/2\/wp-json\/wp\/v2\/users\/2"}],"replies":[{"embeddable":true,"href":"https:\/\/radiokfor.com\/2\/wp-json\/wp\/v2\/comments?post=546"}],"version-history":[{"count":1,"href":"https:\/\/radiokfor.com\/2\/wp-json\/wp\/v2\/posts\/546\/revisions"}],"predecessor-version":[{"id":551,"href":"https:\/\/radiokfor.com\/2\/wp-json\/wp\/v2\/posts\/546\/revisions\/551"}],"wp:featuredmedia":[{"embeddable":true,"href":"https:\/\/radiokfor.com\/2\/wp-json\/wp\/v2\/media\/549"}],"wp:attachment":[{"href":"https:\/\/radiokfor.com\/2\/wp-json\/wp\/v2\/media?parent=546"}],"wp:term":[{"taxonomy":"category","embeddable":true,"href":"https:\/\/radiokfor.com\/2\/wp-json\/wp\/v2\/categories?post=546"},{"taxonomy":"post_tag","embeddable":true,"href":"https:\/\/radiokfor.com\/2\/wp-json\/wp\/v2\/tags?post=546"}],"curies":[{"name":"wp","href":"https:\/\/api.w.org\/{rel}","templated":true}]}}