{"id":5424,"date":"2019-10-22T09:03:43","date_gmt":"2019-10-22T09:03:43","guid":{"rendered":"http:\/\/radiokfor.com\/2\/?p=5424"},"modified":"2019-10-23T08:36:18","modified_gmt":"2019-10-23T08:36:18","slug":"gradimo-mostove-mira","status":"publish","type":"post","link":"https:\/\/radiokfor.com\/2\/gradimo-mostove-mira\/","title":{"rendered":"Gradimo \u201eMostove mira\u201c"},"content":{"rendered":"<p>Ve\u010diti simboli spajanja ljudi i vremena vekovima unazad dominiraju svakim gradom koji ima privilegiju da ima reku, a od 1. do 5. novembra u Leposavi\u0107u \u0107e mladi kroz trening koji sprovodi NVO \u201e<a href=\"https:\/\/www.facebook.com\/localpeaceleposavic\/?epa=SEARCH_BOX\">Local peace<\/a>\u201c graditi one najbitnije mostove, \u201eMostove mira\u201c.<\/p>\n<p>Nevena Radosavljevi\u0107, zamenik direktora NVO \u201eLocal peace\u201c i jedan od trenera na projektu govorila je o tome koje pretenzije ima projekat \u201eMostovi mira\u201c koji finansira Savet Evrope.<\/p>\n<p><em>\u201eGlavni cilj ovog projekta jeste da se svaki konflikt mo\u017ee transformisati na nenasilan na\u010din, tako da je to glavna poruka i ne\u0161to glavno \u0161to \u0107e u\u010desnici poneti sa sobom. Pored toga ovo je jo\u0161 jedna \u0161ansa za mlade ljude iz razli\u010ditih zajednica da se sastanu, rade i \u017eive zajedno, da u\u010de jedni od drugih i da u\u010de tako\u0111e o pro\u0161losti jednih i drugih zato \u0161to smatram da je i dalje ta tema itekako tabu kod nas.\u201c<\/em><\/p>\n<p>Ali to nije sve, na ovom treningu desetak u\u010desnika, ima\u0107e priliku da podele svoju pri\u010du, svoje iskustvo ali i saslu\u0161aju tu\u0111e, saslu\u0161aju \u0161ta se to de\u0161avalo pripadnicima drugih zajednica.<\/p>\n<p><em>\u201eJo\u0161 jedna stvar koju \u0107e ovaj trening ponuditi jeste to deljenje pri\u010de, odrastanja i konflikta na Kosovu me\u0111u sobom. Pored toga naravno bi\u0107e uklju\u010dene razli\u010dite ve\u0161tine i na\u010din za transformaciju konflikta, postizanje pomirenja i izgradnje mira.\u201c<\/em><\/p>\n<p>Pro\u0161lost ne treba zaboraviti napominje Nevena, a glavni razlog za to je \u0161to iz pro\u0161losti treba u\u010diti kako istu ne bi ponovili. Zato danas i svakim narednim danom moramo istra\u017eiti sve mogu\u0107nosti za izgradnju pomirenja, a mladima u tome pripada glavna uloga.<\/p>\n<p><em>\u201eZdrav dijalog izme\u0111u razli\u010ditih strana mo\u017ee da doprinese izgradnji mira ili izgradnji \u201eMostova mira\u201c kako mi nazivamo ovaj trening, zato \u0161to je to ne\u0161to \u0161to nama nedostaje na teritoriji Kosova jer po\u010dev\u0161i od toga da govorimo razli\u010dite jezike nismo svi u mogu\u0107nosti da se tako\u0111e ni susretnemo sa pripadnicima druge zajednice, a \u010dak kad se susretnemo nismo u stanju da ih razumemo za\u0161to razmi\u0161ljaju ovako ili onako. Tako da mislim da je to zapravo klju\u010dna stvar da imamo \u0161ansu da \u010dujemo druge, da razumemo za\u0161to razmi\u0161ljaju na taj na\u010din, da ih prihvatimo i da samim tim gradimo jedan mirniji \u017eivot koji svima nama treba i koji svi mi \u017eelimo na kraju krajeva.\u201c<\/em><\/p>\n<p>Ako \u017eelite da nau\u010dite ne\u0161to o miru, stvaranju mirnog okru\u017eenja prijavite se popunjavanjem <a href=\"https:\/\/docs.google.com\/forms\/d\/e\/1FAIpQLSfSm5Wgz1f8aGu_S4Kt3jBJiA3hBc9TKQ9krWzj4lNzMEsqAQ\/viewform?fbclid=IwAR3qhAE7nPHrjwp9qYAAHJ1M4iN0nmXPCmyEXOU5HA5twZYBJiXzn6rkE58\">aplikacije<\/a> najkasnije do 24. oktobra 2019.<\/p>\n","protected":false},"excerpt":{"rendered":"<p>Ve\u010diti simboli spajanja ljudi i vremena vekovima unazad dominiraju svakim gradom koji ima privilegiju da ima reku, a od 1. do 5. novembra u Leposavi\u0107u \u0107e mladi kroz trening koji sprovodi NVO \u201eLocal peace\u201c graditi one najbitnije mostove, \u201eMostove mira\u201c. Nevena Radosavljevi\u0107, zamenik direktora NVO \u201eLocal peace\u201c i jedan od trenera na projektu govorila je&hellip;<\/p>\n","protected":false},"author":2,"featured_media":5426,"comment_status":"closed","ping_status":"closed","sticky":false,"template":"","format":"standard","meta":{"footnotes":""},"categories":[2],"tags":[1641,58,1642],"class_list":["post-5424","post","type-post","status-publish","format-standard","has-post-thumbnail","hentry","category-news","tag-mostovi-mira","tag-leposavic","tag-nvo-local-peace","category-2","description-off"],"_links":{"self":[{"href":"https:\/\/radiokfor.com\/2\/wp-json\/wp\/v2\/posts\/5424","targetHints":{"allow":["GET"]}}],"collection":[{"href":"https:\/\/radiokfor.com\/2\/wp-json\/wp\/v2\/posts"}],"about":[{"href":"https:\/\/radiokfor.com\/2\/wp-json\/wp\/v2\/types\/post"}],"author":[{"embeddable":true,"href":"https:\/\/radiokfor.com\/2\/wp-json\/wp\/v2\/users\/2"}],"replies":[{"embeddable":true,"href":"https:\/\/radiokfor.com\/2\/wp-json\/wp\/v2\/comments?post=5424"}],"version-history":[{"count":4,"href":"https:\/\/radiokfor.com\/2\/wp-json\/wp\/v2\/posts\/5424\/revisions"}],"predecessor-version":[{"id":5439,"href":"https:\/\/radiokfor.com\/2\/wp-json\/wp\/v2\/posts\/5424\/revisions\/5439"}],"wp:featuredmedia":[{"embeddable":true,"href":"https:\/\/radiokfor.com\/2\/wp-json\/wp\/v2\/media\/5426"}],"wp:attachment":[{"href":"https:\/\/radiokfor.com\/2\/wp-json\/wp\/v2\/media?parent=5424"}],"wp:term":[{"taxonomy":"category","embeddable":true,"href":"https:\/\/radiokfor.com\/2\/wp-json\/wp\/v2\/categories?post=5424"},{"taxonomy":"post_tag","embeddable":true,"href":"https:\/\/radiokfor.com\/2\/wp-json\/wp\/v2\/tags?post=5424"}],"curies":[{"name":"wp","href":"https:\/\/api.w.org\/{rel}","templated":true}]}}