{"id":5388,"date":"2019-10-18T06:43:19","date_gmt":"2019-10-18T06:43:19","guid":{"rendered":"http:\/\/radiokfor.com\/2\/?p=5388"},"modified":"2019-10-18T06:43:19","modified_gmt":"2019-10-18T06:43:19","slug":"7-godina-edukacije-oek-sinergija","status":"publish","type":"post","link":"https:\/\/radiokfor.com\/2\/7-godina-edukacije-oek-sinergija\/","title":{"rendered":"7 godina edukacije OEK \u201eSinergija\u201d"},"content":{"rendered":"<p>Sedam godina edukacije, sedam godina borbe za rodnu ravnopravnost, sedam godina borbe za nenasilno dru\u0161tvo, sedam godina pozori\u0161nih predstava, sedam godina uspeha predstavljeni su na proslavi ro\u0111endana \u201cSinergije\u201d u Severnoj Mitrovici.<\/p>\n<p>Na desetine prisutnih je imalo priliku da \u010duje od izvr\u0161nog direktora Omladinskog edukativnog Sinargija, Stefana Veljkovi\u0107a detaljno, o svim projektima i programima koje su sproveli u proteklih 7 godina.<\/p>\n<p><em>\u201eUspeli smo da edukativnim sadr\u017eajem obuhvatimo vi\u0161e od 4.000 mladih, ta\u010dnije na\u0161im seminarima, radionicama i obukama na temu rodne ravnopravnosti, omladinskog aktivizma, u\u010de\u0161\u0107a mladih u procesima dono\u0161enja odluka itd. Pored toga, stvoren je prostor za mlade u kojem mogu da razvijaju ve\u0161tine i znanja iz oblasti rodne ravnopravnosti, zdravih \u017eivotnih stilova, prevencije nasilja itd. Objavili smo 13 analiza, izve\u0161taja, bro\u0161ura i istra\u017eivanja o polo\u017eaju, potrebama i problemima mladih na severu Kosova, ali i u ostalim delovima.\u201c<\/em><\/p>\n<p>Osnivanje prvog Foruma za omladinske politike na severu Kosova, koji se aktivno bavi re\u0161avanjem problema mladih na ovom podru\u010dju, jedan je od zapa\u017eenijih rezultata koji je OEK Sinergija postigla zaklju\u010dio je Veljkovi\u0107.<\/p>\n<p><em>\u201eIzuzetno sam zadovoljan svim rezultatima koje smo do sad postigli. Nije bitno samo da postojite, ve\u0107 da u odre\u0111enom vremenskom periodu marljivo radite.\u201d<\/em><\/p>\n<p>U narednom periodu OEK \u201eSinergija\u201d planira izvo\u0111enje nove pozori\u0161ne predstave pod nazivom \u201ePoreme\u0107eni\u201d, koja se bavi mentalnim zdravljem kod mladih ljudi na severu Kosova, ali i mnoge druge aktivnosti.<\/p>\n","protected":false},"excerpt":{"rendered":"<p>Sedam godina edukacije, sedam godina borbe za rodnu ravnopravnost, sedam godina borbe za nenasilno dru\u0161tvo, sedam godina pozori\u0161nih predstava, sedam godina uspeha predstavljeni su na proslavi ro\u0111endana \u201cSinergije\u201d u Severnoj Mitrovici. Na desetine prisutnih je imalo priliku da \u010duje od izvr\u0161nog direktora Omladinskog edukativnog Sinargija, Stefana Veljkovi\u0107a detaljno, o svim projektima i programima koje su&hellip;<\/p>\n","protected":false},"author":2,"featured_media":5390,"comment_status":"closed","ping_status":"closed","sticky":false,"template":"","format":"standard","meta":{"footnotes":""},"categories":[2],"tags":[1479,20,62],"class_list":["post-5388","post","type-post","status-publish","format-standard","has-post-thumbnail","hentry","category-news","tag-oek-sinergija","tag-severna-mitrovica","tag-stefan-veljkovic","category-2","description-off"],"_links":{"self":[{"href":"https:\/\/radiokfor.com\/2\/wp-json\/wp\/v2\/posts\/5388","targetHints":{"allow":["GET"]}}],"collection":[{"href":"https:\/\/radiokfor.com\/2\/wp-json\/wp\/v2\/posts"}],"about":[{"href":"https:\/\/radiokfor.com\/2\/wp-json\/wp\/v2\/types\/post"}],"author":[{"embeddable":true,"href":"https:\/\/radiokfor.com\/2\/wp-json\/wp\/v2\/users\/2"}],"replies":[{"embeddable":true,"href":"https:\/\/radiokfor.com\/2\/wp-json\/wp\/v2\/comments?post=5388"}],"version-history":[{"count":1,"href":"https:\/\/radiokfor.com\/2\/wp-json\/wp\/v2\/posts\/5388\/revisions"}],"predecessor-version":[{"id":5391,"href":"https:\/\/radiokfor.com\/2\/wp-json\/wp\/v2\/posts\/5388\/revisions\/5391"}],"wp:featuredmedia":[{"embeddable":true,"href":"https:\/\/radiokfor.com\/2\/wp-json\/wp\/v2\/media\/5390"}],"wp:attachment":[{"href":"https:\/\/radiokfor.com\/2\/wp-json\/wp\/v2\/media?parent=5388"}],"wp:term":[{"taxonomy":"category","embeddable":true,"href":"https:\/\/radiokfor.com\/2\/wp-json\/wp\/v2\/categories?post=5388"},{"taxonomy":"post_tag","embeddable":true,"href":"https:\/\/radiokfor.com\/2\/wp-json\/wp\/v2\/tags?post=5388"}],"curies":[{"name":"wp","href":"https:\/\/api.w.org\/{rel}","templated":true}]}}