{"id":534,"date":"2018-10-23T12:13:03","date_gmt":"2018-10-23T12:13:03","guid":{"rendered":"http:\/\/radiokfor.com\/2\/?p=534"},"modified":"2018-11-28T12:14:53","modified_gmt":"2018-11-28T12:14:53","slug":"nesvakidasnja-akciona-drama-juzni-vetar-u-gracanici","status":"publish","type":"post","link":"https:\/\/radiokfor.com\/2\/nesvakidasnja-akciona-drama-juzni-vetar-u-gracanici\/","title":{"rendered":"Nesvakida\u0161nja akciona drama &#8220;Ju\u017eni vetar&#8221; u Gra\u010danici"},"content":{"rendered":"<p>Naji\u0161\u010dekivaniji doma\u0107i film &#8220;Ju\u017eni vetar&#8221;, reditelja Milo\u0161a Avramovi\u0107a, po\u010dinje svoj bioskopski \u017eivot te \u0107e publika u Gra\u010danici imati prilike da u istom u\u017eiva u \u010detvrtak, 25. oktobra, i to u dva termina od 19 \u010dasova i 21 \u010das.<\/p>\n<p>Radnja filma prati \u017eivot Petra Mara\u0161a (Milo\u0161 Bikovi\u0107), pripadnika beogradske automobilske mafije koji napu\u0161ta roditeljski dom i sa dugogodi\u0161njom devojkom Sofijom se useljava u svoj novi dom.<\/p>\n<p>Klan \u010diji je pripadnik, a kojim upravlja iskusni &#8220;Car&#8221;, dobro &#8220;radi&#8221;. Posao je uigran, novca ima dovoljno za sve, a policija im ne pravi probleme. Me\u0111utim sve \u0107e se to promeniti kada se Mara\u0161 slu\u010dajno zameri brutalnom narko klanu.<\/p>\n<p>Fantasti\u010dnu gluma\u010dku ekipu \u010dine: Milo\u0161 Bikovi\u0107, Miodrag Radonji\u0107. Dragan Bjelogrli\u0107, Neboj\u0161a Glogovac, Milo\u0161 Timotijevi\u0107, Jovana Stpjiljkovi\u0107, Sr\u0111an Todorovi\u0107, Bogdan Dikli\u0107, Aleksandar Ber\u010deg, Hristo Shopov i Ivaylo Zahariev.<\/p>\n<p>Ekipa filma je veliku pa\u017enju posvetila i muzici koja je posebno ra\u0111ena kako bi upotpunila ovu nesvakida\u0161nju akcionu dramu, koju potpisuje Bassivity izvo\u0111a\u010di kao \u0161to su Rasta, Senidah i Coby.<\/p>\n<p>Karte po ceni od 250 dinara mo\u017eete kupiti u prostorijama Doma kulture &#8220;Gra\u010danica&#8221;.<\/p>\n","protected":false},"excerpt":{"rendered":"<p>Naji\u0161\u010dekivaniji doma\u0107i film &#8220;Ju\u017eni vetar&#8221;, reditelja Milo\u0161a Avramovi\u0107a, po\u010dinje svoj bioskopski \u017eivot te \u0107e publika u Gra\u010danici imati prilike da u istom u\u017eiva u \u010detvrtak, 25. oktobra, i to u dva termina od 19 \u010dasova i 21 \u010das. Radnja filma prati \u017eivot Petra Mara\u0161a (Milo\u0161 Bikovi\u0107), pripadnika beogradske automobilske mafije koji napu\u0161ta roditeljski dom i&hellip;<\/p>\n","protected":false},"author":2,"featured_media":536,"comment_status":"open","ping_status":"open","sticky":false,"template":"","format":"standard","meta":{"footnotes":""},"categories":[2],"tags":[13,21,189],"class_list":["post-534","post","type-post","status-publish","format-standard","has-post-thumbnail","hentry","category-news","tag-gracanica","tag-dom-kulture-gracanica","tag-film-juzni-vetar","category-2","description-off"],"_links":{"self":[{"href":"https:\/\/radiokfor.com\/2\/wp-json\/wp\/v2\/posts\/534","targetHints":{"allow":["GET"]}}],"collection":[{"href":"https:\/\/radiokfor.com\/2\/wp-json\/wp\/v2\/posts"}],"about":[{"href":"https:\/\/radiokfor.com\/2\/wp-json\/wp\/v2\/types\/post"}],"author":[{"embeddable":true,"href":"https:\/\/radiokfor.com\/2\/wp-json\/wp\/v2\/users\/2"}],"replies":[{"embeddable":true,"href":"https:\/\/radiokfor.com\/2\/wp-json\/wp\/v2\/comments?post=534"}],"version-history":[{"count":1,"href":"https:\/\/radiokfor.com\/2\/wp-json\/wp\/v2\/posts\/534\/revisions"}],"predecessor-version":[{"id":537,"href":"https:\/\/radiokfor.com\/2\/wp-json\/wp\/v2\/posts\/534\/revisions\/537"}],"wp:featuredmedia":[{"embeddable":true,"href":"https:\/\/radiokfor.com\/2\/wp-json\/wp\/v2\/media\/536"}],"wp:attachment":[{"href":"https:\/\/radiokfor.com\/2\/wp-json\/wp\/v2\/media?parent=534"}],"wp:term":[{"taxonomy":"category","embeddable":true,"href":"https:\/\/radiokfor.com\/2\/wp-json\/wp\/v2\/categories?post=534"},{"taxonomy":"post_tag","embeddable":true,"href":"https:\/\/radiokfor.com\/2\/wp-json\/wp\/v2\/tags?post=534"}],"curies":[{"name":"wp","href":"https:\/\/api.w.org\/{rel}","templated":true}]}}