{"id":5167,"date":"2019-10-02T12:15:24","date_gmt":"2019-10-02T12:15:24","guid":{"rendered":"http:\/\/radiokfor.com\/2\/?p=5167"},"modified":"2019-10-02T12:23:44","modified_gmt":"2019-10-02T12:23:44","slug":"nevidljiva-veza-koja-spaja-ljude-dom-kulture-gracanica","status":"publish","type":"post","link":"https:\/\/radiokfor.com\/2\/nevidljiva-veza-koja-spaja-ljude-dom-kulture-gracanica\/","title":{"rendered":"Nevidljiva veza koja spaja ljude, Dom kulture Gra\u010danica"},"content":{"rendered":"<p>Na inicijativu uprave O\u0160 \u201eBra\u0107a Aksi\u0107\u201c iz Lipljana, danas su mali\u0161ani imali prilike da u okviru De\u010dije nedelje posete i upoznaju se sa radom Dom kulture \u201eGra\u010danica\u201c u istoimenoj op\u0161tini.<\/p>\n<p>Kao vode\u0107a ustanova kulture u Gra\u010danici, namenjen pre svega deci, \u0161kolarcima, omladini, Ivan Stojkovi\u0107, predstavnik Doma kulture Gra\u010danica, isti\u010de da se ova ustanova zala\u017ee za rano uklju\u010divanje dece u kvalitetne kulturne programe, koji su od izuzetnog zna\u010daja za razvoj deteta.<\/p>\n<p>\u201eMislim da je danas veoma bitno i treba te\u017eiti da toj deci, budu\u0107oj omladini, donesemo kulturu \u201epred noge\u201c. Moramo da se trudimo da deci predstavimo pravi kulturni program.\u201c<\/p>\n<p>Uz obe\u0107anje da \u0107e postati aktivni u\u010desnici programa koji priprema ova kulturna ustanova, mali\u0161ani su imali prilike da saznaju vi\u0161e detalja o radu bioskopa, pozori\u0161ta, folklora, likovnog ateljea, \u010ditaonice i \u0161kole baleta, a posetili su i izlo\u017ebu slika Bajrama Mehmetija.<\/p>\n<p><em>\u201eMislim da smo uspeli da poka\u017eemo svakom ponaosob ne\u0161to \u0161to njih interesuje, tu se me\u0111u njima ve\u0107 moglo prepoznati ko vi\u0161e preferira glumu, ko voli balet. Ono \u0161to bih tako\u0111e preneo svim \u0111acima jeste da u Gra\u010danici imaju zaista dobar i kvalitetan kulturni program, samo treba do\u0107i i zgrabiti ga.\u201c<\/em><\/p>\n<p>\u041aolektiv Doma kulture Gra\u010danica zahvaljuje se u\u010denicima i upravi \u0161kole na poseti uz obe\u0107anje da ne\u0107e prestati da iznena\u0111uje publiku zanimljivim kulturnim sadr\u017eajem i manifestacijama, jer kultura je nevidljiva veza koja spaja ljude!<\/p>\n","protected":false},"excerpt":{"rendered":"<p>Na inicijativu uprave O\u0160 \u201eBra\u0107a Aksi\u0107\u201c iz Lipljana, danas su mali\u0161ani imali prilike da u okviru De\u010dije nedelje posete i upoznaju se sa radom Dom kulture \u201eGra\u010danica\u201c u istoimenoj op\u0161tini. Kao vode\u0107a ustanova kulture u Gra\u010danici, namenjen pre svega deci, \u0161kolarcima, omladini, Ivan Stojkovi\u0107, predstavnik Doma kulture Gra\u010danica, isti\u010de da se ova ustanova zala\u017ee za&hellip;<\/p>\n","protected":false},"author":2,"featured_media":5173,"comment_status":"closed","ping_status":"closed","sticky":false,"template":"","format":"standard","meta":{"footnotes":""},"categories":[2],"tags":[21,1580],"class_list":["post-5167","post","type-post","status-publish","format-standard","has-post-thumbnail","hentry","category-news","tag-dom-kulture-gracanica","tag-os-braca-aksic","category-2","description-off"],"_links":{"self":[{"href":"https:\/\/radiokfor.com\/2\/wp-json\/wp\/v2\/posts\/5167","targetHints":{"allow":["GET"]}}],"collection":[{"href":"https:\/\/radiokfor.com\/2\/wp-json\/wp\/v2\/posts"}],"about":[{"href":"https:\/\/radiokfor.com\/2\/wp-json\/wp\/v2\/types\/post"}],"author":[{"embeddable":true,"href":"https:\/\/radiokfor.com\/2\/wp-json\/wp\/v2\/users\/2"}],"replies":[{"embeddable":true,"href":"https:\/\/radiokfor.com\/2\/wp-json\/wp\/v2\/comments?post=5167"}],"version-history":[{"count":3,"href":"https:\/\/radiokfor.com\/2\/wp-json\/wp\/v2\/posts\/5167\/revisions"}],"predecessor-version":[{"id":5176,"href":"https:\/\/radiokfor.com\/2\/wp-json\/wp\/v2\/posts\/5167\/revisions\/5176"}],"wp:featuredmedia":[{"embeddable":true,"href":"https:\/\/radiokfor.com\/2\/wp-json\/wp\/v2\/media\/5173"}],"wp:attachment":[{"href":"https:\/\/radiokfor.com\/2\/wp-json\/wp\/v2\/media?parent=5167"}],"wp:term":[{"taxonomy":"category","embeddable":true,"href":"https:\/\/radiokfor.com\/2\/wp-json\/wp\/v2\/categories?post=5167"},{"taxonomy":"post_tag","embeddable":true,"href":"https:\/\/radiokfor.com\/2\/wp-json\/wp\/v2\/tags?post=5167"}],"curies":[{"name":"wp","href":"https:\/\/api.w.org\/{rel}","templated":true}]}}