{"id":5122,"date":"2019-09-27T00:01:22","date_gmt":"2019-09-27T00:01:22","guid":{"rendered":"http:\/\/radiokfor.com\/2\/?p=5122"},"modified":"2019-09-26T13:56:00","modified_gmt":"2019-09-26T13:56:00","slug":"novo-brdo-promocija-cistog-i-prirodnog-meda","status":"publish","type":"post","link":"https:\/\/radiokfor.com\/2\/novo-brdo-promocija-cistog-i-prirodnog-meda\/","title":{"rendered":"Novo Brdo: Promocija \u010distog i prirodnog meda"},"content":{"rendered":"<p>Udru\u017eenje p\u010delara &#8220;Matica NB&#8221; i Op\u0161tina Novo Brdo organizuju manifestaciju Dani meda Novog Brda.<\/p>\n<p>Ova manifestacija, na kojoj \u0107e u\u010destvovati oko 200 p\u010delara iz regiona, bi\u0107e odr\u017eana 28. septembra teku\u0107e godine.<\/p>\n<p>Gradona\u010delnik Op\u0161tine Novo Brdo Svetislav Ivanovi\u0107 obja\u0161njava da su p\u010delari iz ove lokale samouprave \u010desto gostovali na sli\u010dnim manifestacijama koje su bile organizovane u drugim delovima Kosova i regiona.<\/p>\n<p>\u201cNakon tih poseta odlu\u010dili su da odaberu jedan dan i sli\u010dnu manifestaciju organizuju u Novom Brdu. U saradnji sa Op\u0161tinom pozvani su i relevantni \u010dinioci koji su im pomagali u realizovanju njihovih zahteva\u201d, objasnio je Ivanovi\u0107.<\/p>\n<p>Geografski polo\u017eaj op\u0161tine Novo Brdo pognodan je za gajenje p\u010dela i proizvodnju meda. Svetislav Ivanovi\u0107 poru\u010duje da u tome vidi novu mogu\u0107nost za razvoj.<\/p>\n<p>\u201cOp\u0161tina kroz njih vidi jedan budu\u0107i razvoj i egzistenciju za svoje gra\u0111ane i \u017eeli da ih motivi\u0161e. Tako da je organizovano vi\u0161e tih seminara na kojima je prisustvovao veliki broj, ne samo \u010dlanova udru\u017eenja, ve\u0107 i gra\u0111ani iz drugih op\u0161tina\u201d.<\/p>\n<p>Ipak Ivanovi\u0107 napominje da je najva\u017enije to da se u ovoj op\u0161tini prodaje \u010dist i zdrav med.<\/p>\n<p>\u201cSve \u0161to proizvedu, oni to i prodaju. To je \u010dist, zdrav i prirodan med. Prodaja uop\u0161te nije problem i mi u proizvodnji meda vidimo budu\u0107nost i egzistenciju za svoje gra\u0111ane\u201d.<\/p>\n<p>Ivanovi\u0107 poru\u010duje da \u0107e Op\u0161tina nastaviti da stimuli\u0161e sve gra\u0111ane koji \u017eele da se bave p\u010delarstvom.<\/p>\n<p>S obzirom da je med izuzetno zdrav, evo prilike za sve gra\u0111ane da posete Novo Brdo i probaju i kupe ovu namirnicu koja bi, po savetu nutricionista, trebalo da bude deo svakodnevne ishrane.<\/p>\n<p>&nbsp;<\/p>\n","protected":false},"excerpt":{"rendered":"<p>Udru\u017eenje p\u010delara &#8220;Matica NB&#8221; i Op\u0161tina Novo Brdo organizuju manifestaciju Dani meda Novog Brda. Ova manifestacija, na kojoj \u0107e u\u010destvovati oko 200 p\u010delara iz regiona, bi\u0107e odr\u017eana 28. septembra teku\u0107e godine. Gradona\u010delnik Op\u0161tine Novo Brdo Svetislav Ivanovi\u0107 obja\u0161njava da su p\u010delari iz ove lokale samouprave \u010desto gostovali na sli\u010dnim manifestacijama koje su bile organizovane u&hellip;<\/p>\n","protected":false},"author":2,"featured_media":5124,"comment_status":"closed","ping_status":"closed","sticky":false,"template":"","format":"standard","meta":{"footnotes":""},"categories":[2],"tags":[],"class_list":["post-5122","post","type-post","status-publish","format-standard","has-post-thumbnail","hentry","category-news","category-2","description-off"],"_links":{"self":[{"href":"https:\/\/radiokfor.com\/2\/wp-json\/wp\/v2\/posts\/5122","targetHints":{"allow":["GET"]}}],"collection":[{"href":"https:\/\/radiokfor.com\/2\/wp-json\/wp\/v2\/posts"}],"about":[{"href":"https:\/\/radiokfor.com\/2\/wp-json\/wp\/v2\/types\/post"}],"author":[{"embeddable":true,"href":"https:\/\/radiokfor.com\/2\/wp-json\/wp\/v2\/users\/2"}],"replies":[{"embeddable":true,"href":"https:\/\/radiokfor.com\/2\/wp-json\/wp\/v2\/comments?post=5122"}],"version-history":[{"count":1,"href":"https:\/\/radiokfor.com\/2\/wp-json\/wp\/v2\/posts\/5122\/revisions"}],"predecessor-version":[{"id":5125,"href":"https:\/\/radiokfor.com\/2\/wp-json\/wp\/v2\/posts\/5122\/revisions\/5125"}],"wp:featuredmedia":[{"embeddable":true,"href":"https:\/\/radiokfor.com\/2\/wp-json\/wp\/v2\/media\/5124"}],"wp:attachment":[{"href":"https:\/\/radiokfor.com\/2\/wp-json\/wp\/v2\/media?parent=5122"}],"wp:term":[{"taxonomy":"category","embeddable":true,"href":"https:\/\/radiokfor.com\/2\/wp-json\/wp\/v2\/categories?post=5122"},{"taxonomy":"post_tag","embeddable":true,"href":"https:\/\/radiokfor.com\/2\/wp-json\/wp\/v2\/tags?post=5122"}],"curies":[{"name":"wp","href":"https:\/\/api.w.org\/{rel}","templated":true}]}}