{"id":5076,"date":"2019-09-23T12:05:44","date_gmt":"2019-09-23T12:05:44","guid":{"rendered":"http:\/\/radiokfor.com\/2\/?p=5076"},"modified":"2019-09-23T13:03:07","modified_gmt":"2019-09-23T13:03:07","slug":"medunarodni-dan-znakovnih-jezika","status":"publish","type":"post","link":"https:\/\/radiokfor.com\/2\/medunarodni-dan-znakovnih-jezika\/","title":{"rendered":"Me\u0111unarodni dan znakovnih jezika"},"content":{"rendered":"<p>Gluve i nagluve osobe, zbog komunikacionih barijera, imaju ograni\u010deni pristup kulturnim sadr\u017eajima koji su namenjeni svim gra\u0111anima.<\/p>\n<p>Gluve i nagluve osobe se svakog dana suo\u010davaju sa brojnim izazovima, pa bi poznavanje znakovnog jezika ve\u0107eg broja ljudi, njima znatno olak\u0161alo \u017eivot.<\/p>\n<p>Osobe koje su gluve i slu\u017ee se znakovnim jezikom pripadaju kulturno i lingvisti\u010dki raznolikoj \u00a0zajednici koja se jednostavno zove zajednica \u201cGluvih\u201d. One se u pogledu pristupa, susre\u0107u sa sli\u010dnim problemima kao i osobe koje poti\u010du iz druga\u010dijeg kulturnog i jezi\u010dkog okru\u017eenja.<\/p>\n<p>Da bi uklju\u010divanje gluve populacije u dru\u0161tvo i zajednicu bilo \u0161to uspe\u0161nije neophodno je i da se stanovni\u0161tvo upozna i sazna na koji na\u010din gluve osobe funkcioni\u0161u u dru\u0161tvu i na\u010dina komunikacije sa gluvim osobama.<\/p>\n<p>Generalna skup\u0161tina UN je proglasila 23.septembar Me\u0111unarodnim danom znakovnih jezika , kako bi podigla svest o va\u017enosti znakovnog jezika .<\/p>\n<p>Prema Svetskoj federaciji gluvih, u svetu \u017eivi oko 72 miliona gluvih osoba. Danas osobe s o\u0161te\u0107enjem sluha koriste vi\u0161e od 300 razli\u010ditih znakovnih jezika.<\/p>\n","protected":false},"excerpt":{"rendered":"<p>Gluve i nagluve osobe, zbog komunikacionih barijera, imaju ograni\u010deni pristup kulturnim sadr\u017eajima koji su namenjeni svim gra\u0111anima. Gluve i nagluve osobe se svakog dana suo\u010davaju sa brojnim izazovima, pa bi poznavanje znakovnog jezika ve\u0107eg broja ljudi, njima znatno olak\u0161alo \u017eivot. Osobe koje su gluve i slu\u017ee se znakovnim jezikom pripadaju kulturno i lingvisti\u010dki raznolikoj \u00a0zajednici&hellip;<\/p>\n","protected":false},"author":2,"featured_media":5086,"comment_status":"closed","ping_status":"closed","sticky":false,"template":"","format":"standard","meta":{"footnotes":""},"categories":[2],"tags":[],"class_list":["post-5076","post","type-post","status-publish","format-standard","has-post-thumbnail","hentry","category-news","category-2","description-off"],"_links":{"self":[{"href":"https:\/\/radiokfor.com\/2\/wp-json\/wp\/v2\/posts\/5076","targetHints":{"allow":["GET"]}}],"collection":[{"href":"https:\/\/radiokfor.com\/2\/wp-json\/wp\/v2\/posts"}],"about":[{"href":"https:\/\/radiokfor.com\/2\/wp-json\/wp\/v2\/types\/post"}],"author":[{"embeddable":true,"href":"https:\/\/radiokfor.com\/2\/wp-json\/wp\/v2\/users\/2"}],"replies":[{"embeddable":true,"href":"https:\/\/radiokfor.com\/2\/wp-json\/wp\/v2\/comments?post=5076"}],"version-history":[{"count":1,"href":"https:\/\/radiokfor.com\/2\/wp-json\/wp\/v2\/posts\/5076\/revisions"}],"predecessor-version":[{"id":5080,"href":"https:\/\/radiokfor.com\/2\/wp-json\/wp\/v2\/posts\/5076\/revisions\/5080"}],"wp:featuredmedia":[{"embeddable":true,"href":"https:\/\/radiokfor.com\/2\/wp-json\/wp\/v2\/media\/5086"}],"wp:attachment":[{"href":"https:\/\/radiokfor.com\/2\/wp-json\/wp\/v2\/media?parent=5076"}],"wp:term":[{"taxonomy":"category","embeddable":true,"href":"https:\/\/radiokfor.com\/2\/wp-json\/wp\/v2\/categories?post=5076"},{"taxonomy":"post_tag","embeddable":true,"href":"https:\/\/radiokfor.com\/2\/wp-json\/wp\/v2\/tags?post=5076"}],"curies":[{"name":"wp","href":"https:\/\/api.w.org\/{rel}","templated":true}]}}