{"id":5056,"date":"2019-09-21T08:34:18","date_gmt":"2019-09-21T08:34:18","guid":{"rendered":"http:\/\/radiokfor.com\/2\/?p=5056"},"modified":"2019-09-21T08:34:18","modified_gmt":"2019-09-21T08:34:18","slug":"svetski-dan-borbe-protiv-alchajmerove-bolesti","status":"publish","type":"post","link":"https:\/\/radiokfor.com\/2\/svetski-dan-borbe-protiv-alchajmerove-bolesti\/","title":{"rendered":"Svetski dan borbe protiv Alchajmerove bolesti"},"content":{"rendered":"<p>Svake godine 21. septembra obele\u017eava se Svetski dan borbe protiv Alchajmerove bolesti, degenerativnog oboljenja mo\u017edane kore koje poga\u0111a sve ve\u0107i broj ljudi posle \u0161ezdesetog ro\u0111endana. Procenjuje se da danas u svetu od Alchajmerove bolesti boluje oko 18 miliona osoba.<\/p>\n<p>Kakva je to bolest, pitali smo doktora op\u0161te medicine Milicu Kosti\u0107:<\/p>\n<p>\u201cAlchajmerova bolest je jedno neurodegenerativno oboljenje. Bolest je opisao sam Alchajmer, koji je na\u017ealost i oboleo od ove bolesti. Ovo je bolest starijih osoba. U\u010destalije se javlja kod onih starijih od 65 godina.\u201d<\/p>\n<p>Ona nam je rekla i koje su predispozicije za oboljevanje:<\/p>\n<p>\u201cPredisponiraju\u0107i faktori su starost, genetika i pol, jer \u017eene oboljevaju \u010de\u0161\u0107e od mu\u0161karaca. Postoji teorija da se javljaju neke genetske mutacije koje tako\u0111e mogu da dovedu do nastanka. Te\u0161ke traume, povrede glave, povi\u0161en holesterol i neke hroni\u010dne bolesti kao \u0161to je povi\u0161en krvni pritisak tako\u0111e pove\u0107avaju \u0161anse za oboljevanje.\u201d<\/p>\n<p>Za kraj nam je objasnila kako se treba starati o osobama obolelim od ove bolesti:<\/p>\n<p>\u201cPotrebna je celokupna nega i briga o ovom pacijentu. Ne treba ga ostavljati samog po\u0161to je veoma bitna i emotivna komponenta, podr\u0161ka, fizi\u010dka aktivnost kao i higijensko dijetetski re\u017eim.\u201d<\/p>\n<p>Briga o \u00a0svim na\u0161im najstarijim sugra\u0111anima je moralna obaveza svih nas a posebno o onim kojima je na\u0161a pomo\u0107 neophodna.<\/p>\n","protected":false},"excerpt":{"rendered":"<p>Svake godine 21. septembra obele\u017eava se Svetski dan borbe protiv Alchajmerove bolesti, degenerativnog oboljenja mo\u017edane kore koje poga\u0111a sve ve\u0107i broj ljudi posle \u0161ezdesetog ro\u0111endana. Procenjuje se da danas u svetu od Alchajmerove bolesti boluje oko 18 miliona osoba. Kakva je to bolest, pitali smo doktora op\u0161te medicine Milicu Kosti\u0107: \u201cAlchajmerova bolest je jedno neurodegenerativno&hellip;<\/p>\n","protected":false},"author":2,"featured_media":5058,"comment_status":"closed","ping_status":"closed","sticky":false,"template":"","format":"standard","meta":{"footnotes":""},"categories":[2],"tags":[1542,1098,1543,228],"class_list":["post-5056","post","type-post","status-publish","format-standard","has-post-thumbnail","hentry","category-news","tag-alchajmer","tag-bolest","tag-briga","tag-svetski-dan","category-2","description-off"],"_links":{"self":[{"href":"https:\/\/radiokfor.com\/2\/wp-json\/wp\/v2\/posts\/5056","targetHints":{"allow":["GET"]}}],"collection":[{"href":"https:\/\/radiokfor.com\/2\/wp-json\/wp\/v2\/posts"}],"about":[{"href":"https:\/\/radiokfor.com\/2\/wp-json\/wp\/v2\/types\/post"}],"author":[{"embeddable":true,"href":"https:\/\/radiokfor.com\/2\/wp-json\/wp\/v2\/users\/2"}],"replies":[{"embeddable":true,"href":"https:\/\/radiokfor.com\/2\/wp-json\/wp\/v2\/comments?post=5056"}],"version-history":[{"count":1,"href":"https:\/\/radiokfor.com\/2\/wp-json\/wp\/v2\/posts\/5056\/revisions"}],"predecessor-version":[{"id":5059,"href":"https:\/\/radiokfor.com\/2\/wp-json\/wp\/v2\/posts\/5056\/revisions\/5059"}],"wp:featuredmedia":[{"embeddable":true,"href":"https:\/\/radiokfor.com\/2\/wp-json\/wp\/v2\/media\/5058"}],"wp:attachment":[{"href":"https:\/\/radiokfor.com\/2\/wp-json\/wp\/v2\/media?parent=5056"}],"wp:term":[{"taxonomy":"category","embeddable":true,"href":"https:\/\/radiokfor.com\/2\/wp-json\/wp\/v2\/categories?post=5056"},{"taxonomy":"post_tag","embeddable":true,"href":"https:\/\/radiokfor.com\/2\/wp-json\/wp\/v2\/tags?post=5056"}],"curies":[{"name":"wp","href":"https:\/\/api.w.org\/{rel}","templated":true}]}}