{"id":4956,"date":"2019-09-14T06:51:59","date_gmt":"2019-09-14T06:51:59","guid":{"rendered":"http:\/\/radiokfor.com\/2\/?p=4956"},"modified":"2019-09-14T06:51:59","modified_gmt":"2019-09-14T06:51:59","slug":"inspirativni-razgovori-sa-nevenom-bozovic","status":"publish","type":"post","link":"https:\/\/radiokfor.com\/2\/inspirativni-razgovori-sa-nevenom-bozovic\/","title":{"rendered":"\u201eInspirativni razgovori\u201c sa Nevenom Bo\u017eovi\u0107"},"content":{"rendered":"<p>Mitrovica, muzi\u010dki grad, poznat pre svega po Big Bendu, North City Jazz &amp; Blues festivalu, ali i brojnim muzi\u010darima koji su ostavili neizbrisiv trag na ovim prostorima.<\/p>\n<p>U okviru projekta Evropske unije \u201eInspirativni razgovori\u201c, gde se razgovara sa istaknutim li\u010dnostima i svima onima koji su doprineli zajednici, u Mitrovici u EU Info centru, go\u0161\u0107a je bila istaknuti umetnik i peva\u010dica Nevena Bo\u017eovi\u0107.<\/p>\n<p>Nevena, ro\u0111ena Mitrov\u010danka, koja je zahvaljuju\u0107i svojim peva\u010dkim sposobnostima, ali i u\u010de\u0161\u0107ima na Pesmi Evrovizije, postala svetski slavna, rado se odazvala pozivu da u\u010destvuje na ovom doga\u0111aju, koji je prema re\u010dima organizatora, poklon njenih sugra\u0111ana Neveni.<\/p>\n<p>Ona se zahvalila na pozivu i izrazila svoje zadovoljstvo \u0161to prisustvuje jednom takvom doga\u0111aju i odmah na po\u010detku je pri\u010dala o svojim po\u010decima i o onom \u0161to je inspiri\u0161e danas.<\/p>\n<p>\u201eMitrovica je na prvom mestu, odlazak u muzi\u010dku \u0161kolu i sve je tako krenulo. Nastavila sam studije na Fakultetu muzi\u010dke umetnosti u Beogradu, tamo sam diplomirila, zavr\u0161ila master studije, a zatim i specijalizaciju u oblasti \u201esolfe\u0111a\u201c i to \u0107u nastaviti dalje. U ovom svetu muzike mi je najbitnije da nastavim da idem na fakultet. Ta fakultetska atmosfera i dru\u017eenje sa pravim muzi\u010darima i u\u010denje od njih me dr\u017ei, takore\u0107i, normalnom i vra\u0107a me na po\u010detak odnosno za\u0161to sam po\u010dela da se bavim muzikom.\u201c<\/p>\n<p>Nevena nagla\u0161ava da, nasuprot op\u0161tem trendu, ona pevanje smatra stra\u0161\u0107u i ljubavlju i da istinski u\u017eiva u tome.<\/p>\n<p>Tako\u0111e, istakla je da na svim svojim gostovanjima po Evropi i svetu nije \u010dula da postoji festival poput \u201eCvrkuti sa Ibra\u201c koji zaslu\u017euje ve\u0107u pa\u017enju i podr\u0161ku!<\/p>\n<p>\u201eSve je krenulo ovde, od prvog festivala u Mitrovici. Imala sam prilike da putujem dosta i da budem gost na festivalima u Belorusiji i Italiji kada sam bila mla\u0111a, zatim na Evroviziji koja je sigurno najve\u0107i svetski doga\u0111aj, de\u010diji festival gde orkestar i izvo\u0111a\u010di sviraju i pevaju u\u017eivo ne postoji nigde u ovom trenutku. Zbog toga mislim da svi mi moramo da pru\u017eimo mnogo ve\u0107u podr\u0161ku \u201eCvrkutima sa Ibra\u201c.\u201c<\/p>\n<p>Na kraju, Nevena Bo\u017eovi\u0107 je istakla da joj uvek prija ona pa\u017enja koja se ti\u010de njene muzike i muzi\u010dke karijere, ali da ne \u017eeli da bude deo skandala ili da pri\u010da o li\u010dnom \u017eivotu, iako bi joj mo\u017eda to pomoglo u br\u017eem napredovanju karijere.<\/p>\n<p>Uspeh Nevene Bo\u017eovi\u0107 je dokaz da vredi \u017eiveti svoje snove, pratiti svoje strasti i u\u017eivati u muzici koja govori univerzalnim jezikom! Pozivamo sve mlade sa ovog prostora da se ugledaju na ovu divnu umetnicu.<\/p>\n","protected":false},"excerpt":{"rendered":"<p>Mitrovica, muzi\u010dki grad, poznat pre svega po Big Bendu, North City Jazz &amp; Blues festivalu, ali i brojnim muzi\u010darima koji su ostavili neizbrisiv trag na ovim prostorima. U okviru projekta Evropske unije \u201eInspirativni razgovori\u201c, gde se razgovara sa istaknutim li\u010dnostima i svima onima koji su doprineli zajednici, u Mitrovici u EU Info centru, go\u0161\u0107a je&hellip;<\/p>\n","protected":false},"author":2,"featured_media":4958,"comment_status":"closed","ping_status":"closed","sticky":false,"template":"","format":"standard","meta":{"footnotes":""},"categories":[2],"tags":[330,1031,1137,133,891],"class_list":["post-4956","post","type-post","status-publish","format-standard","has-post-thumbnail","hentry","category-news","tag-eu","tag-inspirativni-razgovori","tag-kosovska","tag-mitrovica","tag-nevena-bozovic","category-2","description-off"],"_links":{"self":[{"href":"https:\/\/radiokfor.com\/2\/wp-json\/wp\/v2\/posts\/4956","targetHints":{"allow":["GET"]}}],"collection":[{"href":"https:\/\/radiokfor.com\/2\/wp-json\/wp\/v2\/posts"}],"about":[{"href":"https:\/\/radiokfor.com\/2\/wp-json\/wp\/v2\/types\/post"}],"author":[{"embeddable":true,"href":"https:\/\/radiokfor.com\/2\/wp-json\/wp\/v2\/users\/2"}],"replies":[{"embeddable":true,"href":"https:\/\/radiokfor.com\/2\/wp-json\/wp\/v2\/comments?post=4956"}],"version-history":[{"count":1,"href":"https:\/\/radiokfor.com\/2\/wp-json\/wp\/v2\/posts\/4956\/revisions"}],"predecessor-version":[{"id":4959,"href":"https:\/\/radiokfor.com\/2\/wp-json\/wp\/v2\/posts\/4956\/revisions\/4959"}],"wp:featuredmedia":[{"embeddable":true,"href":"https:\/\/radiokfor.com\/2\/wp-json\/wp\/v2\/media\/4958"}],"wp:attachment":[{"href":"https:\/\/radiokfor.com\/2\/wp-json\/wp\/v2\/media?parent=4956"}],"wp:term":[{"taxonomy":"category","embeddable":true,"href":"https:\/\/radiokfor.com\/2\/wp-json\/wp\/v2\/categories?post=4956"},{"taxonomy":"post_tag","embeddable":true,"href":"https:\/\/radiokfor.com\/2\/wp-json\/wp\/v2\/tags?post=4956"}],"curies":[{"name":"wp","href":"https:\/\/api.w.org\/{rel}","templated":true}]}}