{"id":4872,"date":"2019-09-13T00:01:37","date_gmt":"2019-09-13T00:01:37","guid":{"rendered":"http:\/\/radiokfor.com\/2\/?p=4872"},"modified":"2019-09-10T08:55:54","modified_gmt":"2019-09-10T08:55:54","slug":"link-poziva-novinare-i-aktiviste","status":"publish","type":"post","link":"https:\/\/radiokfor.com\/2\/link-poziva-novinare-i-aktiviste\/","title":{"rendered":"Link poziva novinare i aktiviste"},"content":{"rendered":"<p>Nevladina organizacija LINK, pozvala je sve zainteresovane novinare, gra\u0111ane i aktiviste da se prijave na konkurs za izradu 3 op-ed-a, na temu kulture i kulturne saradnje na relaciji sever \u2013 jug Kosova. Op-ed mo\u017ee pisati svaki zainteresovani gra\u0111anin, bez obzira na obrazovni profil, zanimanje ili godine radnog iskustva.<\/p>\n<p>Milan Dobri\u0107 iz organizacije Link rekao nam je ne\u0161to vi\u0161e o tome:<\/p>\n<p>\u201cPoziv za novinare i aktiviste je poziv da zainteresovani napi\u0161u tri \u010dlanka na temu kulture i umetnosti na Kosovu, kao i saradnje izme\u0111u severa i juga Kosova kada je kultura u pitanju.\u201d<\/p>\n<p>On nam je jo\u0161 rekao i ko se sve moze odazvati pozivu:<\/p>\n<p>\u201cMi smo pre svega pozvali novinare i aktiviste, jer oni imaju vi\u0161e iskustva u tome, ali je poziv otvoren za sve. Bitno je samo da se uz prijavu napi\u0161e i motivaciono pismo kojim bi se obrazlo\u017eila zainteresovanost za u\u010de\u0161\u0107e.\u201d<\/p>\n<p>Otkrio nam je i kako \u0107e to sve izgledati:<\/p>\n<p>\u201cU sklopu projekta organizova\u0107emo i konferenciju sa oko 30 u\u010desnika koji \u0107e biti podeljeni u grupe a oni \u0107e imati zadatak da u roku od 24 sata smisle neke inicijative za koje \u0107e dobiti finansijsku pomo\u0107 za realizaciju istih.\u201d<\/p>\n<p>Za kraj, mladima je poru\u010dio:<\/p>\n<p>\u201cMladima na Kosovu bih poru\u010dio da se \u0161to vi\u0161e posvete kulturi, jer je ona u poslednjih 20 godina bila prili\u010dno zapostavljena. \u201c<\/p>\n<p>Va\u0161e prijave potrebno je dostaviti na adresu office@linkkosovo.org najkasnije do 15.09.2019. Sva dodatna pitanja mo\u017eete uputiti na: mrakic@linkkosovo.org<\/p>\n","protected":false},"excerpt":{"rendered":"<p>Nevladina organizacija LINK, pozvala je sve zainteresovane novinare, gra\u0111ane i aktiviste da se prijave na konkurs za izradu 3 op-ed-a, na temu kulture i kulturne saradnje na relaciji sever \u2013 jug Kosova. Op-ed mo\u017ee pisati svaki zainteresovani gra\u0111anin, bez obzira na obrazovni profil, zanimanje ili godine radnog iskustva. Milan Dobri\u0107 iz organizacije Link rekao nam&hellip;<\/p>\n","protected":false},"author":2,"featured_media":4874,"comment_status":"closed","ping_status":"closed","sticky":false,"template":"","format":"standard","meta":{"footnotes":""},"categories":[2],"tags":[977,1505,1504],"class_list":["post-4872","post","type-post","status-publish","format-standard","has-post-thumbnail","hentry","category-news","tag-link","tag-novinari","tag-op-ed","category-2","description-off"],"_links":{"self":[{"href":"https:\/\/radiokfor.com\/2\/wp-json\/wp\/v2\/posts\/4872","targetHints":{"allow":["GET"]}}],"collection":[{"href":"https:\/\/radiokfor.com\/2\/wp-json\/wp\/v2\/posts"}],"about":[{"href":"https:\/\/radiokfor.com\/2\/wp-json\/wp\/v2\/types\/post"}],"author":[{"embeddable":true,"href":"https:\/\/radiokfor.com\/2\/wp-json\/wp\/v2\/users\/2"}],"replies":[{"embeddable":true,"href":"https:\/\/radiokfor.com\/2\/wp-json\/wp\/v2\/comments?post=4872"}],"version-history":[{"count":1,"href":"https:\/\/radiokfor.com\/2\/wp-json\/wp\/v2\/posts\/4872\/revisions"}],"predecessor-version":[{"id":4875,"href":"https:\/\/radiokfor.com\/2\/wp-json\/wp\/v2\/posts\/4872\/revisions\/4875"}],"wp:featuredmedia":[{"embeddable":true,"href":"https:\/\/radiokfor.com\/2\/wp-json\/wp\/v2\/media\/4874"}],"wp:attachment":[{"href":"https:\/\/radiokfor.com\/2\/wp-json\/wp\/v2\/media?parent=4872"}],"wp:term":[{"taxonomy":"category","embeddable":true,"href":"https:\/\/radiokfor.com\/2\/wp-json\/wp\/v2\/categories?post=4872"},{"taxonomy":"post_tag","embeddable":true,"href":"https:\/\/radiokfor.com\/2\/wp-json\/wp\/v2\/tags?post=4872"}],"curies":[{"name":"wp","href":"https:\/\/api.w.org\/{rel}","templated":true}]}}