{"id":4830,"date":"2019-09-08T00:01:36","date_gmt":"2019-09-08T00:01:36","guid":{"rendered":"http:\/\/radiokfor.com\/2\/?p=4830"},"modified":"2019-09-06T13:14:53","modified_gmt":"2019-09-06T13:14:53","slug":"medunarodni-dan-pismenosti","status":"publish","type":"post","link":"https:\/\/radiokfor.com\/2\/medunarodni-dan-pismenosti\/","title":{"rendered":"Me\u0111unarodni dan pismenosti"},"content":{"rendered":"<p>Me\u0111unarodni dan pismenosti, koji se \u0161irom sveta obele\u017eava 8. septembra, je UNESCO-ova inicijativa koja ima za cilj da podseti me\u0111unarodnu zajednicu na bitnosti statusa pismenosti i obrazovanja, kako odraslih tako i mladih, na globalnom novou.<\/p>\n<p>Pitanje pismenosti klju\u010dna je komponenta UN-ovih ciljeva odr\u017eivog razvoja i UN-ove Agende za odr\u017eivi razvoj do 2030. godine, a \u0161ta sve podrazumeva \u201ebiti pismen\u201c pitali smo profesora Srpskog jezika i knji\u017eevnosti, Anu Kosti\u0107.<\/p>\n<p><em>\u201eBiti pismen to ne podrazumeva da samo znate da pi\u0161ete i \u010ditate, biti pismen zna\u010di biti funkcionalno pismen. \u0160ta to prakti\u010dno zna\u010di? Danas imate mnoge ljude koji znaju da \u010ditaju i pi\u0161u ali se recimo suo\u010davaju sa problemima kada treba da popune neki zahtev za posao ili bilo kakav obrazac, formilar u po\u0161ti, banci ili bilo gde, gde se to od njih tra\u017ei. Upravo to je elementarni nedostatak, funkcionalna pismenost.\u201d<\/em><\/p>\n<p><em>Pravopis je veoma va\u017ean kako u pismenoj, tako i u verbalnoj komunikaciji, a kako pobolj\u0161ati svoju pismenost objasnila je Ana Kosti\u0107.<\/em><\/p>\n<p><em>\u201eNajpre, dok su u \u0161koli trebalo bi da se sa decom dosta radi budu\u0107i da je kad je srpski jezik u pitanju gramatika vrlo zahtevna. Zatim jedan od vrlo va\u017enih stubova pismenosti jeste \u010ditanje, \u0161to deca budu vi\u0161e \u010ditala bi\u0107e elokventnija, ne\u0107e imati po\u0161tapalice u jeziku, njihov mozak \u0107e se razvijati mnogo bolje, kroz knjige se u\u010di na tu\u0111im iskustvima, nekada je mnogo skuplje pla\u0107ati sopstveno iskustvo nego ako ste pro\u010ditali u nekoj knjizi i videli da ne\u0161to nije dobro, da to ne \u010dinite.\u201c<\/em><\/p>\n<p>Tema obele\u017eavanja Me\u0111unarodnog dana pismenosti za 2019. godinu nosi naziv \u201ePismenost i vi\u0161ejezi\u010dnost\u201c, a profesor Srpskog jezika i knji\u017eevnosti, Ana Kosti\u0107, za slu\u0161aoce KFOR radija ima savet:<\/p>\n<p><em>\u201eJa, kao neko ko se jezikom bavi vi\u0161e od 30 godina, ko sa decom radi, sa decom u\u010di, najsrda\u010dnije bih preporu\u010dila \u010ditanje kao jedan vid lepe zabave, kao jedan pou\u010dni segment u njihovim \u017eivotima. Tako\u0111e, kada \u010ditaju, trebalo bi da biraju lepe knjige, knjige koje je knji\u017eevna kritika vrednovala kao dobre knjige. Ne mo\u017eete uvek da \u010ditate dobre knjige, nekada su dobre knjige te\u0161ke, me\u0111utim mo\u017eete da se opu\u0161tate uz beletristiku, ponekad uz muziku, ali svakako treba \u010ditati, treba \u010ditati i novine, za\u0161to da ne? Zato \u0161to \u010dovek na taj na\u010din hrani svoju du\u0161u, a za jedan normalan i sre\u0107an \u017eivot, \u010doveku je potrebno da hrani ne samo telo, ve\u0107 kao \u0161to sam malo pre rekla i du\u0161u.\u201c<\/em><\/p>\n<p>Inteligentna, elokventna i obrazovana osoba je privla\u010dna drugim ljudima, nevezano za pol, veru i naciju! Osobe koje su u stanju da razgovaraju o svemu i uvek imaju temu za diskusiju, privla\u010de vi\u0161e pa\u017enje u dru\u0161tvu. \u010citajte, obogatite sebe i svoj um!<\/p>\n","protected":false},"excerpt":{"rendered":"<p>Me\u0111unarodni dan pismenosti, koji se \u0161irom sveta obele\u017eava 8. septembra, je UNESCO-ova inicijativa koja ima za cilj da podseti me\u0111unarodnu zajednicu na bitnosti statusa pismenosti i obrazovanja, kako odraslih tako i mladih, na globalnom novou. Pitanje pismenosti klju\u010dna je komponenta UN-ovih ciljeva odr\u017eivog razvoja i UN-ove Agende za odr\u017eivi razvoj do 2030. godine, a \u0161ta&hellip;<\/p>\n","protected":false},"author":2,"featured_media":4832,"comment_status":"closed","ping_status":"closed","sticky":false,"template":"","format":"standard","meta":{"footnotes":""},"categories":[2],"tags":[1495],"class_list":["post-4830","post","type-post","status-publish","format-standard","has-post-thumbnail","hentry","category-news","tag-medunarodni-dan-pismenosti","category-2","description-off"],"_links":{"self":[{"href":"https:\/\/radiokfor.com\/2\/wp-json\/wp\/v2\/posts\/4830","targetHints":{"allow":["GET"]}}],"collection":[{"href":"https:\/\/radiokfor.com\/2\/wp-json\/wp\/v2\/posts"}],"about":[{"href":"https:\/\/radiokfor.com\/2\/wp-json\/wp\/v2\/types\/post"}],"author":[{"embeddable":true,"href":"https:\/\/radiokfor.com\/2\/wp-json\/wp\/v2\/users\/2"}],"replies":[{"embeddable":true,"href":"https:\/\/radiokfor.com\/2\/wp-json\/wp\/v2\/comments?post=4830"}],"version-history":[{"count":1,"href":"https:\/\/radiokfor.com\/2\/wp-json\/wp\/v2\/posts\/4830\/revisions"}],"predecessor-version":[{"id":4833,"href":"https:\/\/radiokfor.com\/2\/wp-json\/wp\/v2\/posts\/4830\/revisions\/4833"}],"wp:featuredmedia":[{"embeddable":true,"href":"https:\/\/radiokfor.com\/2\/wp-json\/wp\/v2\/media\/4832"}],"wp:attachment":[{"href":"https:\/\/radiokfor.com\/2\/wp-json\/wp\/v2\/media?parent=4830"}],"wp:term":[{"taxonomy":"category","embeddable":true,"href":"https:\/\/radiokfor.com\/2\/wp-json\/wp\/v2\/categories?post=4830"},{"taxonomy":"post_tag","embeddable":true,"href":"https:\/\/radiokfor.com\/2\/wp-json\/wp\/v2\/tags?post=4830"}],"curies":[{"name":"wp","href":"https:\/\/api.w.org\/{rel}","templated":true}]}}