{"id":4823,"date":"2019-09-06T08:43:46","date_gmt":"2019-09-06T08:43:46","guid":{"rendered":"http:\/\/radiokfor.com\/2\/?p=4823"},"modified":"2019-09-08T06:34:42","modified_gmt":"2019-09-08T06:34:42","slug":"obnovnljivi-izvori-energije-za-sigurniju-buducnost","status":"publish","type":"post","link":"https:\/\/radiokfor.com\/2\/obnovnljivi-izvori-energije-za-sigurniju-buducnost\/","title":{"rendered":"Obnovljivi izvori energije za sigurniju budu\u0107nost"},"content":{"rendered":"<p>U okviru projekta o energetskoj tranziciji Kosova, organizacije Balkan Green Foundation i Germanwatch pozivaju pojedince, nevladine organizacije, udru\u017eenja, fondacije, omladinske grupe i dru\u0161tvene zadruge da konkuri\u0161u za projekat vi\u0161estrukog partnerstva.<\/p>\n<p>Kako je obja\u0161njeno u pozivu, projekat se bavi tranzicijom energetskog sistema Kosova, a posebno njegovim sistemom elektri\u010dne energije, u pravcu odr\u017eivog stanja, ve\u0107eg udela obnovljivih izvora energije (OIE) i unapre\u0111ene energetske efikasnosti.<\/p>\n<p>U okviru ovog projekta, BGF i GW pozivaju sve pojedince, nevladine organizacije, udru\u017eenja, fondacije, omladinske grupe, dru\u0161tvene zadruge da konkuri\u0161u za projekat vi\u0161estrukog partnerstva.<\/p>\n<p>Dva najbolja predloga \u0107e za svoju realizaciju dobiti po 15.000 evra i jo\u0161 dodatnih hiljadu evra u vidu sufinansiranja preko kandidata.<\/p>\n<p>Projekat \u0107e trajati dvanaest meseci \u2013 oktobar\/novembar 2019 \u2013 oktobar\/novembar 2020.<\/p>\n<p>Poslednji rok za prijavu je 7. septembar, a op\u0161irnije o ovom pozivu mo\u017eete prona\u0107i na slede\u0107em <a href=\"http:\/\/balkangreenfoundation.org\/calls-proposals\/?fbclid=IwAR2VxHnJAyyj9qoCreP-gXJTzCE2w67qjQqLDv4PZhTDMP8h61e51VDaIuc\">linku<\/a>.<\/p>\n","protected":false},"excerpt":{"rendered":"<p>U okviru projekta o energetskoj tranziciji Kosova, organizacije Balkan Green Foundation i Germanwatch pozivaju pojedince, nevladine organizacije, udru\u017eenja, fondacije, omladinske grupe i dru\u0161tvene zadruge da konkuri\u0161u za projekat vi\u0161estrukog partnerstva. Kako je obja\u0161njeno u pozivu, projekat se bavi tranzicijom energetskog sistema Kosova, a posebno njegovim sistemom elektri\u010dne energije, u pravcu odr\u017eivog stanja, ve\u0107eg udela obnovljivih&hellip;<\/p>\n","protected":false},"author":2,"featured_media":4825,"comment_status":"closed","ping_status":"closed","sticky":false,"template":"","format":"standard","meta":{"footnotes":""},"categories":[2],"tags":[1493,1494],"class_list":["post-4823","post","type-post","status-publish","format-standard","has-post-thumbnail","hentry","category-news","tag-balkan-green-foundation","tag-germanwatch","category-2","description-off"],"_links":{"self":[{"href":"https:\/\/radiokfor.com\/2\/wp-json\/wp\/v2\/posts\/4823","targetHints":{"allow":["GET"]}}],"collection":[{"href":"https:\/\/radiokfor.com\/2\/wp-json\/wp\/v2\/posts"}],"about":[{"href":"https:\/\/radiokfor.com\/2\/wp-json\/wp\/v2\/types\/post"}],"author":[{"embeddable":true,"href":"https:\/\/radiokfor.com\/2\/wp-json\/wp\/v2\/users\/2"}],"replies":[{"embeddable":true,"href":"https:\/\/radiokfor.com\/2\/wp-json\/wp\/v2\/comments?post=4823"}],"version-history":[{"count":2,"href":"https:\/\/radiokfor.com\/2\/wp-json\/wp\/v2\/posts\/4823\/revisions"}],"predecessor-version":[{"id":4855,"href":"https:\/\/radiokfor.com\/2\/wp-json\/wp\/v2\/posts\/4823\/revisions\/4855"}],"wp:featuredmedia":[{"embeddable":true,"href":"https:\/\/radiokfor.com\/2\/wp-json\/wp\/v2\/media\/4825"}],"wp:attachment":[{"href":"https:\/\/radiokfor.com\/2\/wp-json\/wp\/v2\/media?parent=4823"}],"wp:term":[{"taxonomy":"category","embeddable":true,"href":"https:\/\/radiokfor.com\/2\/wp-json\/wp\/v2\/categories?post=4823"},{"taxonomy":"post_tag","embeddable":true,"href":"https:\/\/radiokfor.com\/2\/wp-json\/wp\/v2\/tags?post=4823"}],"curies":[{"name":"wp","href":"https:\/\/api.w.org\/{rel}","templated":true}]}}