{"id":4817,"date":"2019-09-05T14:01:31","date_gmt":"2019-09-05T14:01:31","guid":{"rendered":"http:\/\/radiokfor.com\/2\/?p=4817"},"modified":"2019-09-05T14:46:16","modified_gmt":"2019-09-05T14:46:16","slug":"kfor-poseta-ibmc-radi-koordinacije-multietnickih-aktivnosti","status":"publish","type":"post","link":"https:\/\/radiokfor.com\/2\/kfor-poseta-ibmc-radi-koordinacije-multietnickih-aktivnosti\/","title":{"rendered":"KFOR poseta IBCM radi koordinacije multietni\u010dkih aktivnosti"},"content":{"rendered":"<p>\u201eIBCM &#8211; International Business College Mitrovica&#8221; je fakultet koji je osnovan sa ciljem da mla\u0111e generacije obrazuje u multietni\u010dkom duhu, gledajuc\u0301i to kao na\u010din i model koji kosovskom dru\u0161tvu treba za bolju i sigurnu zajedni\u010dku buduc\u0301nost. Iskustva, uspesi i saradnja svih etni\u010dkih grupa unutar IBCM-a tako\u0111e su privukli pa\u017enju KFOR-a, koji ima upravo ovu svrhu, da doprinese i pomogne svim etni\u010dkim zajednicama koje \u017eive na Kosovu.<\/p>\n<p>Iz tog razloga, osoblje KFOR-a posetilo je Koled\u017e IBCM-a, gde ih je do\u010dekala direktorica kolegijuma, profesorica na odeljenju za \u017eivotnu sredinu i upravljanje poljoprivredom, gospo\u0111a Mihone Keroli Mustafa, koja je za radio KFOR govorila o njihovoj saradnji sa KFOR-om:<\/p>\n<p>\u201eSaradnja sa KFOR-om nije zapo\u010deta danas. Ona je po\u010dela davno kada je KFOR u\u010destvovao u na\u0161im razli\u010ditim aktivnostima. Danas smo ovde da prona\u0111emo najbolje prakse na\u0161ih studenata i u saradnji sa KFOR-om poka\u017eemo ostalim mladima da je multietni\u010dka saradnja najbolji na\u010din za zajedni\u010dki \u017eivot. Na\u0161 cilj je da budemo uzor i da poru\u010dimo svim etni\u010dkim zajednicama na Kosovu da zajedno mo\u017eemo izgraditi stabilno dru\u0161tvo na Kosovu.\u201c<\/p>\n<p>Studentkinja albanske nacionalnosti, Donjeta Plana, koja je upravo zavr\u0161ila trec\u0301u godinu studija \u201eMe\u0111unarodna prodaja i marketing\u201c, poslala je poruku mladima na Kosovu:<\/p>\n<p>&#8220;Ja kao student ovog fakulteta \u017eelim mladima poslati poruku da se ne trebaju bojati razlike izme\u0111u etni\u010dkih grupa i razli\u010ditosti. Zajedno mo\u017eemo dati svoj doprinos na najbolji moguc\u0301i na\u010din.&#8221;<\/p>\n<p>Student srpske nacionalnosti, Aleksandra Lazarevic\u0301, tako\u0111e je imala poruku za slu\u0161aoce radija KFOR:<\/p>\n<p>\u201eSmatram da svi treba da \u017eivimo zajedno, ne samo da mo\u017eemo ve\u0107 treba jer prosto ako smo u istom okru\u017eenju treba \u017eiveti \u017eivot i treba u\u017eivati u svakom danu tako da ne treba se osvrtati na neku da ka\u017eem pro\u0161lost u toj meri da ona uti\u010de na na\u0161u sada\u0161njost, ve\u0107 da to shvatimo kao ne\u0161to \u0161to je pro\u0161lo a ve\u0107 sada da radimo ne\u0161to za dobrobit na\u0161e budu\u0107nosti jer ono \u0161to radimo utica\u0107e na na\u0161u budu\u0107nosti. Ukoliko komuniciramo, ukoliko u\u010dimo jedni od drugih, nebitno je koja nacionalna pripadnost je u pitanju, odakle je \u010dovek i sli\u010dno, svako na neki na\u010din doprinosi tvom obrazovanju, tvojoj li\u010dnosti, tako da na taj na\u010din treba da gledamo jedni na druge.\u201c<\/p>\n<p>Mario \u0160najder, \u0161vajsarcki vojnik, pripadnik Tima za vezu i nadgledanje u Mitrovici preko radija KFOR \u0161alje poruku omladini u cilju multietni\u010dke saradnje:<\/p>\n<p>\u201eRazlog za\u0161to smo danas bili ovde je taj \u0161to KFOR uvek nastoji da promovi\u0161e multietni\u010dku saradnju i ovo je obec\u0301avajuc\u0301i projekat u tom pogledu. \u0160to se ti\u010de saradnje me\u0111u zajednicama u Mitrovici, ako pogledamo me\u0161ovito susedstvo, mo\u017eemo videti da saradnja funkcioni\u0161e, ljudi svakodnevno komuniciraju. A mi imamo projekte kao IBCM gde jasno vidimo da su ljudi sposobni da sara\u0111uju u svakodnevnom \u017eivotu. Moja poruka svim ljudima koji \u017eive na Kosovu koji se trude da se dogovore sa drugim etni\u010dkim zajednicama, jer mo\u017eemo videti da to me\u0161ovito susedstvo deluje i da na individualnom nivou radi vrlo dobro i ula\u017ee stalne napore da to funkcioni\u0161e \u201c.<\/p>\n<p>Kada komuniciramo i sara\u0111ujemo, Kosovo mo\u017ee postati bolje mesto za sve svoje stanovnike.<\/p>\n","protected":false},"excerpt":{"rendered":"<p>\u201eIBCM &#8211; International Business College Mitrovica&#8221; je fakultet koji je osnovan sa ciljem da mla\u0111e generacije obrazuje u multietni\u010dkom duhu, gledajuc\u0301i to kao na\u010din i model koji kosovskom dru\u0161tvu treba za bolju i sigurnu zajedni\u010dku buduc\u0301nost. Iskustva, uspesi i saradnja svih etni\u010dkih grupa unutar IBCM-a tako\u0111e su privukli pa\u017enju KFOR-a, koji ima upravo ovu svrhu,&hellip;<\/p>\n","protected":false},"author":2,"featured_media":4819,"comment_status":"closed","ping_status":"closed","sticky":false,"template":"","format":"standard","meta":{"footnotes":""},"categories":[2],"tags":[320,36,1491,1492],"class_list":["post-4817","post","type-post","status-publish","format-standard","has-post-thumbnail","hentry","category-news","tag-ibcm","tag-kfor","tag-koordinacija","tag-multietnicki-fakultet","category-2","description-off"],"_links":{"self":[{"href":"https:\/\/radiokfor.com\/2\/wp-json\/wp\/v2\/posts\/4817","targetHints":{"allow":["GET"]}}],"collection":[{"href":"https:\/\/radiokfor.com\/2\/wp-json\/wp\/v2\/posts"}],"about":[{"href":"https:\/\/radiokfor.com\/2\/wp-json\/wp\/v2\/types\/post"}],"author":[{"embeddable":true,"href":"https:\/\/radiokfor.com\/2\/wp-json\/wp\/v2\/users\/2"}],"replies":[{"embeddable":true,"href":"https:\/\/radiokfor.com\/2\/wp-json\/wp\/v2\/comments?post=4817"}],"version-history":[{"count":2,"href":"https:\/\/radiokfor.com\/2\/wp-json\/wp\/v2\/posts\/4817\/revisions"}],"predecessor-version":[{"id":4822,"href":"https:\/\/radiokfor.com\/2\/wp-json\/wp\/v2\/posts\/4817\/revisions\/4822"}],"wp:featuredmedia":[{"embeddable":true,"href":"https:\/\/radiokfor.com\/2\/wp-json\/wp\/v2\/media\/4819"}],"wp:attachment":[{"href":"https:\/\/radiokfor.com\/2\/wp-json\/wp\/v2\/media?parent=4817"}],"wp:term":[{"taxonomy":"category","embeddable":true,"href":"https:\/\/radiokfor.com\/2\/wp-json\/wp\/v2\/categories?post=4817"},{"taxonomy":"post_tag","embeddable":true,"href":"https:\/\/radiokfor.com\/2\/wp-json\/wp\/v2\/tags?post=4817"}],"curies":[{"name":"wp","href":"https:\/\/api.w.org\/{rel}","templated":true}]}}