{"id":4804,"date":"2019-09-06T02:24:54","date_gmt":"2019-09-06T02:24:54","guid":{"rendered":"http:\/\/radiokfor.com\/2\/?p=4804"},"modified":"2019-09-05T12:33:50","modified_gmt":"2019-09-05T12:33:50","slug":"dejan-pavicevic-u-klubu-krim","status":"publish","type":"post","link":"https:\/\/radiokfor.com\/2\/dejan-pavicevic-u-klubu-krim\/","title":{"rendered":"Dejan Pavi\u0107evi\u0107 u klubu Krim"},"content":{"rendered":"<p>Istaknuti muzi\u010dar i umetnik sa severa Kosova, Dejan Pavi\u0107evi\u0107 nastupi\u0107e u petak \u0161estog Septembra u klubu Krim. Nakon uspe\u0161nog perfromansa u Gra\u010danici na no\u0107ima Alternativne umetnosti ovaj mladi umetnik \u0107e nastupiti samostalno i u severnom delu Mitrovice.<\/p>\n<p>Dejan Pavi\u0107evi\u0107, vo\u0111a benda Omnibusi na muzi\u010dkoj sceni se nalazi ve\u0107 preko deset godina, o nastupu na no\u0107ima alternativne umetnostu u Gra\u010danici ima samo re\u010di hvale, jer je iskoristio koncert da bi se video i sa prijateljima ali i u\u017eivao u izvo\u0111enu sastava Kanda Kod\u017ea i Neboj\u0161a. O samoj atmosferi i nastupu Dejan je za na\u0161 radio rekao:<\/p>\n<p>\u201cAtmosfera je bila super, energija, deca su slikala ispod bine i to mi je dalo znanja da se u\u017eivalo u muzici. Meni li\u010dno je bilo zadovoljstvo \u0161to sam u Gra\u010danici upoznao i mlade slikare, \u0161to smo se druzili, ba\u0161 je bilo lepo, prava prijateljska energija.<\/p>\n<p>Na pitanje \u0161ta publika mo\u017ee da o\u010dekuje od nastupa \u0161estog septembra u klubu Krim, Dejan nam je rekao:<\/p>\n<p>\u201cNastupi\u0107u akusti\u010dno kao i u Gra\u010danici, na repertoaru \u0107e biti autorske pesme \u010diji sam ja autor i tekstopisac. Tako\u0111e \u0107u publici predstaviti i de\u010dije pesme, koje ustvari nisu de\u010dije, jer mogu da budu univerzalne i iskoristi\u0107u priliku da predstavim svoj rad kroz godine to jest opus\u201d.<\/p>\n<p>Dok ne stigne toliko dugo o\u010dekivani album benda Omnibusi, Dejan vas poziva da do\u0111ete u petak u klub Krim i u\u017eivate u muzici koju je pripremio za vas.<\/p>\n","protected":false},"excerpt":{"rendered":"<p>Istaknuti muzi\u010dar i umetnik sa severa Kosova, Dejan Pavi\u0107evi\u0107 nastupi\u0107e u petak \u0161estog Septembra u klubu Krim. Nakon uspe\u0161nog perfromansa u Gra\u010danici na no\u0107ima Alternativne umetnosti ovaj mladi umetnik \u0107e nastupiti samostalno i u severnom delu Mitrovice. Dejan Pavi\u0107evi\u0107, vo\u0111a benda Omnibusi na muzi\u010dkoj sceni se nalazi ve\u0107 preko deset godina, o nastupu na no\u0107ima&hellip;<\/p>\n","protected":false},"author":2,"featured_media":4810,"comment_status":"closed","ping_status":"closed","sticky":false,"template":"","format":"standard","meta":{"footnotes":""},"categories":[2],"tags":[1489,1488,133,763],"class_list":["post-4804","post","type-post","status-publish","format-standard","has-post-thumbnail","hentry","category-news","tag-dejanpavicevic","tag-krim","tag-mitrovica","tag-omnibusi","category-2","description-off"],"_links":{"self":[{"href":"https:\/\/radiokfor.com\/2\/wp-json\/wp\/v2\/posts\/4804","targetHints":{"allow":["GET"]}}],"collection":[{"href":"https:\/\/radiokfor.com\/2\/wp-json\/wp\/v2\/posts"}],"about":[{"href":"https:\/\/radiokfor.com\/2\/wp-json\/wp\/v2\/types\/post"}],"author":[{"embeddable":true,"href":"https:\/\/radiokfor.com\/2\/wp-json\/wp\/v2\/users\/2"}],"replies":[{"embeddable":true,"href":"https:\/\/radiokfor.com\/2\/wp-json\/wp\/v2\/comments?post=4804"}],"version-history":[{"count":2,"href":"https:\/\/radiokfor.com\/2\/wp-json\/wp\/v2\/posts\/4804\/revisions"}],"predecessor-version":[{"id":4811,"href":"https:\/\/radiokfor.com\/2\/wp-json\/wp\/v2\/posts\/4804\/revisions\/4811"}],"wp:featuredmedia":[{"embeddable":true,"href":"https:\/\/radiokfor.com\/2\/wp-json\/wp\/v2\/media\/4810"}],"wp:attachment":[{"href":"https:\/\/radiokfor.com\/2\/wp-json\/wp\/v2\/media?parent=4804"}],"wp:term":[{"taxonomy":"category","embeddable":true,"href":"https:\/\/radiokfor.com\/2\/wp-json\/wp\/v2\/categories?post=4804"},{"taxonomy":"post_tag","embeddable":true,"href":"https:\/\/radiokfor.com\/2\/wp-json\/wp\/v2\/tags?post=4804"}],"curies":[{"name":"wp","href":"https:\/\/api.w.org\/{rel}","templated":true}]}}