{"id":4608,"date":"2019-08-22T06:48:56","date_gmt":"2019-08-22T06:48:56","guid":{"rendered":"http:\/\/radiokfor.com\/2\/?p=4608"},"modified":"2019-08-22T07:02:24","modified_gmt":"2019-08-22T07:02:24","slug":"17-medunarodna-omladinska-konferencija","status":"publish","type":"post","link":"https:\/\/radiokfor.com\/2\/17-medunarodna-omladinska-konferencija\/","title":{"rendered":"17. Me\u0111unarodna omladinska konferencija"},"content":{"rendered":"<ol start=\"17\">\n<li>Me\u0111unarodna omladinska konferencija EUROPEAN VALUES FOR THE FUTURE OF SEE COUNTRIES (Evropske vrednosti za budu\u0107nost zemalja jugoisto\u010dne Evrope) bi\u0107e odr\u017eana, od 26. do 30. septembra 2019. godine, u Kru\u0161evu, u Severnoj Makedoniji. Tradicionalna me\u0111unarodna konferencija, od 2003. godine, okuplja istaknute omladinske lidere, radnike i aktiviste iz regiona (Bugarske, Hrvatske, Francuske, Nema\u010dke, Gr\u010dke, Italije, Poljske, Republike Severna Makedonija,Kosova, Rumunije, Srbije, Slovenije i Turske).<\/li>\n<\/ol>\n<p>Konferencija pru\u017ea jedinstvenu priliku za diskusiju o: vladavini prava, demokratiji, ljudskim pravima, slobodi govora, ekonomiji slobodnog tr\u017ei\u0161ta, politi\u010dkoj uklju\u010denost i pravu na slobodnu seksualnu orijentaciju, dok se istovremeno sastavlja mozaik buduc\u0301nosti.<\/p>\n<p>Konferencija c\u0301e okupiti do 58 u\u010desnika\u00a0 pru\u017eic\u0301e moguc\u0301nost za stipendiranje , uklju\u010dujuc\u0301i potpuno pokrivene tro\u0161kove sme\u0161taja, hrane i 80% od putnih tro\u0161kova. Ostali u\u010desnici, koji \u017eele da u\u010destvuju, moc\u0301i c\u0301e da to urade pokrivajuc\u0301i sve tro\u0161kove sme\u0161taja, hrane i putnih tro\u0161kova, a za to c\u0301e biti obave\u0161teni putem e-maila.<\/p>\n<p>Organizator: Youth Alliance \u2013 Krusevo, radni jezik je engleski, a rok za prijave \u2013 25. avgust 2019.<\/p>\n<p>Op\u0161irnije informacije i prijave na salto-youth.net. conference2019@krusevoconference.org.mk<\/p>\n","protected":false},"excerpt":{"rendered":"<p>Me\u0111unarodna omladinska konferencija EUROPEAN VALUES FOR THE FUTURE OF SEE COUNTRIES (Evropske vrednosti za budu\u0107nost zemalja jugoisto\u010dne Evrope) bi\u0107e odr\u017eana, od 26. do 30. septembra 2019. godine, u Kru\u0161evu, u Severnoj Makedoniji. Tradicionalna me\u0111unarodna konferencija, od 2003. godine, okuplja istaknute omladinske lidere, radnike i aktiviste iz regiona (Bugarske, Hrvatske, Francuske, Nema\u010dke, Gr\u010dke, Italije, Poljske, Republike&hellip;<\/p>\n","protected":false},"author":2,"featured_media":4614,"comment_status":"closed","ping_status":"closed","sticky":false,"template":"","format":"standard","meta":{"footnotes":""},"categories":[2],"tags":[1437,1436,424],"class_list":["post-4608","post","type-post","status-publish","format-standard","has-post-thumbnail","hentry","category-news","tag-krusevo","tag-medjunarodna","tag-makedonija","category-2","description-off"],"_links":{"self":[{"href":"https:\/\/radiokfor.com\/2\/wp-json\/wp\/v2\/posts\/4608","targetHints":{"allow":["GET"]}}],"collection":[{"href":"https:\/\/radiokfor.com\/2\/wp-json\/wp\/v2\/posts"}],"about":[{"href":"https:\/\/radiokfor.com\/2\/wp-json\/wp\/v2\/types\/post"}],"author":[{"embeddable":true,"href":"https:\/\/radiokfor.com\/2\/wp-json\/wp\/v2\/users\/2"}],"replies":[{"embeddable":true,"href":"https:\/\/radiokfor.com\/2\/wp-json\/wp\/v2\/comments?post=4608"}],"version-history":[{"count":4,"href":"https:\/\/radiokfor.com\/2\/wp-json\/wp\/v2\/posts\/4608\/revisions"}],"predecessor-version":[{"id":4615,"href":"https:\/\/radiokfor.com\/2\/wp-json\/wp\/v2\/posts\/4608\/revisions\/4615"}],"wp:featuredmedia":[{"embeddable":true,"href":"https:\/\/radiokfor.com\/2\/wp-json\/wp\/v2\/media\/4614"}],"wp:attachment":[{"href":"https:\/\/radiokfor.com\/2\/wp-json\/wp\/v2\/media?parent=4608"}],"wp:term":[{"taxonomy":"category","embeddable":true,"href":"https:\/\/radiokfor.com\/2\/wp-json\/wp\/v2\/categories?post=4608"},{"taxonomy":"post_tag","embeddable":true,"href":"https:\/\/radiokfor.com\/2\/wp-json\/wp\/v2\/tags?post=4608"}],"curies":[{"name":"wp","href":"https:\/\/api.w.org\/{rel}","templated":true}]}}