{"id":4464,"date":"2019-08-13T12:35:39","date_gmt":"2019-08-13T12:35:39","guid":{"rendered":"http:\/\/radiokfor.com\/2\/?p=4464"},"modified":"2019-08-14T07:11:26","modified_gmt":"2019-08-14T07:11:26","slug":"projekat-cdkd-za-aktivnije-ucesce-gradana-u-donosenje-odluka","status":"publish","type":"post","link":"https:\/\/radiokfor.com\/2\/projekat-cdkd-za-aktivnije-ucesce-gradana-u-donosenje-odluka\/","title":{"rendered":"Projekat CDKD za aktivnije u\u010de\u0161\u0107e gra\u0111ana u dono\u0161enju odluka"},"content":{"rendered":"<p>U cilju \u0161ireg uklju\u010divanja gra\u0111ana u dono\u0161enju va\u017enijih odluka na nivou op\u0161tina, ali sagledavanje odnosa ve\u0107inske zajednice prema manjiskoj u datoj op\u0161tini (bilo da se radi o op\u0161tinama sa srpskom ili albanskom ve\u0107inom), NVO ,,Centar za depolitizaciju kosovskog dru\u0161tva (CDKD)\u201d je zapo\u010deo projekat u saradnji sa misijom Ujedinjenih nacija na Kosovu (UNMIK).<\/p>\n<p>Prema re\u010dima predstavnika CDKD-a, Neboj\u0161e Simi\u0107a, ovaj projekat se sprovodi u sedam op\u0161tina Pomoravlja.<\/p>\n<p>\u201eRadili smo s op\u0161tinama u gnjilanskom regionu; Vitina, Klokot, Gnjilane, Parte\u0161, Ranilug, Kamenica i Novo Brdo. U ovim op\u0161tinama smo formirali tzv. zajedni\u010dke manjiske aktivne radne grupe s namerom da se gra\u0111ani aktivnije uklju\u010de u dono\u0161enje odluka, ali i sagledavanja odnosa ve\u0107inskih zajednica prema manjiskim zajednicama u datim op\u0161tinama\u201c.<\/p>\n<p>Te grupe imaju potpisane memorandume sa pomenutim op\u0161tinama i napravile su agendu za Komitete za zajednice u ovim op\u0161tinama sa trajanjem do kraja ove godine.<\/p>\n<p>Formirane grupe broje od sedam do devet \u010dlanova i \u010dine ih eksperti iz raznih oblasti, predstavnici svih zajednica, civilni sektor, lokalne skup\u0161tine, Komiteta za zajednice, a prioritetne teme su sami izabrali.<\/p>\n<p>\u201eOdredili su prioritete u \u0161est ta\u010daka i, u narednih nekoliko meseci, svi \u0107e oni raspravljati o temama koje su najbitnije za njih.\u201c<\/p>\n<p>Simi\u0107 o\u010dekuje da ove grupe daju dobre preporuke i da \u0107e one biti upu\u0107ene na adrese Komiteta za zajednice i gradona\u010delnika op\u0161tina koje u\u010destvuju u ovom projetku, da bi mogli da dejstvuju u skladu sa usvojenim ciljevima.<\/p>\n","protected":false},"excerpt":{"rendered":"<p>U cilju \u0161ireg uklju\u010divanja gra\u0111ana u dono\u0161enju va\u017enijih odluka na nivou op\u0161tina, ali sagledavanje odnosa ve\u0107inske zajednice prema manjiskoj u datoj op\u0161tini (bilo da se radi o op\u0161tinama sa srpskom ili albanskom ve\u0107inom), NVO ,,Centar za depolitizaciju kosovskog dru\u0161tva (CDKD)\u201d je zapo\u010deo projekat u saradnji sa misijom Ujedinjenih nacija na Kosovu (UNMIK). Prema re\u010dima predstavnika&hellip;<\/p>\n","protected":false},"author":2,"featured_media":4209,"comment_status":"closed","ping_status":"closed","sticky":false,"template":"","format":"standard","meta":{"footnotes":""},"categories":[2],"tags":[1301,1391,1255,1302,31],"class_list":["post-4464","post","type-post","status-publish","format-standard","has-post-thumbnail","hentry","category-news","tag-cdkd","tag-gradjani","tag-nvo","tag-projekat","tag-unmik","category-2","description-off"],"_links":{"self":[{"href":"https:\/\/radiokfor.com\/2\/wp-json\/wp\/v2\/posts\/4464","targetHints":{"allow":["GET"]}}],"collection":[{"href":"https:\/\/radiokfor.com\/2\/wp-json\/wp\/v2\/posts"}],"about":[{"href":"https:\/\/radiokfor.com\/2\/wp-json\/wp\/v2\/types\/post"}],"author":[{"embeddable":true,"href":"https:\/\/radiokfor.com\/2\/wp-json\/wp\/v2\/users\/2"}],"replies":[{"embeddable":true,"href":"https:\/\/radiokfor.com\/2\/wp-json\/wp\/v2\/comments?post=4464"}],"version-history":[{"count":2,"href":"https:\/\/radiokfor.com\/2\/wp-json\/wp\/v2\/posts\/4464\/revisions"}],"predecessor-version":[{"id":4472,"href":"https:\/\/radiokfor.com\/2\/wp-json\/wp\/v2\/posts\/4464\/revisions\/4472"}],"wp:featuredmedia":[{"embeddable":true,"href":"https:\/\/radiokfor.com\/2\/wp-json\/wp\/v2\/media\/4209"}],"wp:attachment":[{"href":"https:\/\/radiokfor.com\/2\/wp-json\/wp\/v2\/media?parent=4464"}],"wp:term":[{"taxonomy":"category","embeddable":true,"href":"https:\/\/radiokfor.com\/2\/wp-json\/wp\/v2\/categories?post=4464"},{"taxonomy":"post_tag","embeddable":true,"href":"https:\/\/radiokfor.com\/2\/wp-json\/wp\/v2\/tags?post=4464"}],"curies":[{"name":"wp","href":"https:\/\/api.w.org\/{rel}","templated":true}]}}