{"id":4451,"date":"2019-08-12T11:01:10","date_gmt":"2019-08-12T11:01:10","guid":{"rendered":"http:\/\/radiokfor.com\/2\/?p=4451"},"modified":"2019-08-12T11:02:57","modified_gmt":"2019-08-12T11:02:57","slug":"gracanica-i-zubin-potok-obelezavaju-medunarodni-dan-mladih","status":"publish","type":"post","link":"https:\/\/radiokfor.com\/2\/gracanica-i-zubin-potok-obelezavaju-medunarodni-dan-mladih\/","title":{"rendered":"Gra\u010danica i Zubin Potok obele\u017eavaju Me\u0111unarodni dan mladih"},"content":{"rendered":"<p>Mladi imaju neverovatan potencijal i moraju biti ravnopravni partneri u diskusijama, planiranjima i realizaciji inicijativa.<\/p>\n<p>Sa ciljem da se skrene pa\u017enja na probleme, kulturna i pravna pitanja omladine, u\u010denika, studenata, nizom manifestacija svet danas (12.08) obele\u017eava Me\u0111unarodni dan mladih.<\/p>\n<p>Kako \u0107e omladina Gra\u010danice proslaviti svoj dan, saznali smo od predsednika Mlade aktivne Gra\u010danice, Petra \u0110or\u0111evi\u0107a:<\/p>\n<p><em>\u201eMlada aktivna Gra\u010danica povodom Me\u0111unarodnog dana mladih organizuje besplatnu biciklisti\u010dku turu za sve mlade ljude koji \u017eele da nam se priklju\u010de. Mi smo trenutno mogli da obezbedimo 12 bicikli koje smo dobili od na\u0161ih donator a to su GIZ, World Vision, EU, Balkan Green Fondation i INDEP. U budu\u0107nosti \u0107emo imati i vi\u0161e bicikli tako da \u0107emo mo\u0107i da organizujemo i ve\u0107e ture. Dobra vest je da nam se dosta mladih ljudi javilo i oni \u017eele da do\u0111u svojim biciklama tako da svi koji \u017eele da nam se priklju\u010de mogu da nam se jave ili da ukoliko dolaze svojom biciklom da samo do\u0111u ispred turisti\u010dkog Info centra u Gra\u010danici od 17 \u010dasova. Ima\u0107emo jako lepe stvari da obi\u0111emo zajedno, bi\u0107e lepo dru\u017eenje tako da su svi dobrodo\u0161li da proslavimo dan mladih.\u201d<\/em><\/p>\n<p>Proslavi ovog dana pridru\u017eio se i Zubin Potok, gde se na inicijativu volonterske organizacije Lokalnog saveta omladinskog delovanja pozivaju mladi sa idejama, vizijama, sugestijama i kritikama da daju sebi \u0161ansu za promene.<\/p>\n<p>Javna diskusija o problemima mladih u Zubinom Potoku po\u010de\u0107e danas od 17 \u010dasova u Domu kulture \u201cStari Kola\u0161in\u201d, nakon koje \u0107e uslediti prijem \u010dlanova u volontersku organizaciju Lokalni savet omladinskog delovanja kao i \u017eurka povodom osnivanja volonterske mreze i Me\u0111unarodnog dana mladih.<\/p>\n","protected":false},"excerpt":{"rendered":"<p>Mladi imaju neverovatan potencijal i moraju biti ravnopravni partneri u diskusijama, planiranjima i realizaciji inicijativa. Sa ciljem da se skrene pa\u017enja na probleme, kulturna i pravna pitanja omladine, u\u010denika, studenata, nizom manifestacija svet danas (12.08) obele\u017eava Me\u0111unarodni dan mladih. Kako \u0107e omladina Gra\u010danice proslaviti svoj dan, saznali smo od predsednika Mlade aktivne Gra\u010danice, Petra \u0110or\u0111evi\u0107a:&hellip;<\/p>\n","protected":false},"author":2,"featured_media":4453,"comment_status":"closed","ping_status":"closed","sticky":false,"template":"","format":"standard","meta":{"footnotes":""},"categories":[2],"tags":[1388,251,385],"class_list":["post-4451","post","type-post","status-publish","format-standard","has-post-thumbnail","hentry","category-news","tag-medunarodni-dan-mladih","tag-mlada-aktivna-gracanica","tag-petar-dordevic","category-2","description-off"],"_links":{"self":[{"href":"https:\/\/radiokfor.com\/2\/wp-json\/wp\/v2\/posts\/4451","targetHints":{"allow":["GET"]}}],"collection":[{"href":"https:\/\/radiokfor.com\/2\/wp-json\/wp\/v2\/posts"}],"about":[{"href":"https:\/\/radiokfor.com\/2\/wp-json\/wp\/v2\/types\/post"}],"author":[{"embeddable":true,"href":"https:\/\/radiokfor.com\/2\/wp-json\/wp\/v2\/users\/2"}],"replies":[{"embeddable":true,"href":"https:\/\/radiokfor.com\/2\/wp-json\/wp\/v2\/comments?post=4451"}],"version-history":[{"count":2,"href":"https:\/\/radiokfor.com\/2\/wp-json\/wp\/v2\/posts\/4451\/revisions"}],"predecessor-version":[{"id":4455,"href":"https:\/\/radiokfor.com\/2\/wp-json\/wp\/v2\/posts\/4451\/revisions\/4455"}],"wp:featuredmedia":[{"embeddable":true,"href":"https:\/\/radiokfor.com\/2\/wp-json\/wp\/v2\/media\/4453"}],"wp:attachment":[{"href":"https:\/\/radiokfor.com\/2\/wp-json\/wp\/v2\/media?parent=4451"}],"wp:term":[{"taxonomy":"category","embeddable":true,"href":"https:\/\/radiokfor.com\/2\/wp-json\/wp\/v2\/categories?post=4451"},{"taxonomy":"post_tag","embeddable":true,"href":"https:\/\/radiokfor.com\/2\/wp-json\/wp\/v2\/tags?post=4451"}],"curies":[{"name":"wp","href":"https:\/\/api.w.org\/{rel}","templated":true}]}}