{"id":4427,"date":"2019-08-11T08:18:24","date_gmt":"2019-08-11T08:18:24","guid":{"rendered":"http:\/\/radiokfor.com\/2\/?p=4427"},"modified":"2019-08-11T10:58:53","modified_gmt":"2019-08-11T10:58:53","slug":"nastup-benda-omnibusi-u-gracanici","status":"publish","type":"post","link":"https:\/\/radiokfor.com\/2\/nastup-benda-omnibusi-u-gracanici\/","title":{"rendered":"Nastup Dejana Pavi\u0107evi\u0107a (Omnibusi)  u Gra\u010danici"},"content":{"rendered":"<p>Kulturni klub Gra\u010danica u saradnji sa Domom kulture Gra\u010danica organizuje &#8220;No\u0107i alternativne umetnosti u Gra\u010danici&#8221; 27 i 28. Avgusta.\u00a0 U pitanju je dvodnevni muzi\u010dko \u00a0likovni hepening na kome \u0107e u\u010destvovati lokalne rok grupe: Art bend, Dejan Pavi\u0107evi\u0107 (Omnibusi) iz Mitrovice, De Tox iz Leposavi\u0107a, poznata rok grupa iz Beograda \u201cKanda, Kod\u017ea i Neboj\u0161a\u201d, kao i lokalni likovni umetnici.<\/p>\n<p>Tim povodom putem na\u0161ih talasa ima\u0107ete priliku da saznate sve detalje koji se ti\u010du ove manifestacije, kao i da \u010dujete neke od u\u010desnika, a jedan od na\u0161ih prvih sagovornika je Dejan Pavicevi\u0107 iz benda Omnibusi.<\/p>\n<p>Dejan Pavicevi\u0107 je \u00a0kompozitor i tekstopisac benda Omnibusi, koji dolazi iz severnog dela Mitrovice. Pored toga \u0161to se bavi muzikom on je i profesor Engleskog jezika u osnovnoj \u0161koli Branko Radicevi\u0107, a u slobodno vreme bavi \u00a0se malo i slikarstvom.<\/p>\n<p>Dejan nam je tokom razgovora otkrio da su pojedini \u010dlanovi benda na odmoru ali i da je u pripremi i novi album.<\/p>\n<p>\u201eJedan od na\u0161ih \u010dlanova je na odmoru, tako da ne mo\u017eemo da funkcioni\u0161emo bez njega, trenutno je na moru a nakon toga imamo u planu da u\u0111emo u studio jer imamo materijala za novi album koji \u0107e se zvati Klupko.\u201d<\/p>\n<p>Sto ce ti\u010de nastupa na &#8220;No\u0107i alternativne umetnosti u Gra\u010danici&#8221; gde \u0107e nastupiti samostalno, ovaj kreativni mladi umetnik obe\u0107ava dobru svirku i provod. Da dodamo da ovo ne\u0107e biti \u00a0njegov prvi nastup jer je publika u Gra\u010danici ve\u0107 imala prilike da ga \u010duje \u0161to samostalno, \u0161to sa Omibusima.<\/p>\n<p>&nbsp;<\/p>\n<p>&nbsp;<\/p>\n<p>&nbsp;<\/p>\n","protected":false},"excerpt":{"rendered":"<p>Kulturni klub Gra\u010danica u saradnji sa Domom kulture Gra\u010danica organizuje &#8220;No\u0107i alternativne umetnosti u Gra\u010danici&#8221; 27 i 28. Avgusta.\u00a0 U pitanju je dvodnevni muzi\u010dko \u00a0likovni hepening na kome \u0107e u\u010destvovati lokalne rok grupe: Art bend, Dejan Pavi\u0107evi\u0107 (Omnibusi) iz Mitrovice, De Tox iz Leposavi\u0107a, poznata rok grupa iz Beograda \u201cKanda, Kod\u017ea i Neboj\u0161a\u201d, kao i&hellip;<\/p>\n","protected":false},"author":2,"featured_media":4429,"comment_status":"closed","ping_status":"closed","sticky":false,"template":"","format":"standard","meta":{"footnotes":""},"categories":[2,1],"tags":[13,220,763],"class_list":["post-4427","post","type-post","status-publish","format-standard","has-post-thumbnail","hentry","category-news","category-uncategorized","tag-gracanica","tag-dom-kulture","tag-omnibusi","category-2","category-1","description-off"],"_links":{"self":[{"href":"https:\/\/radiokfor.com\/2\/wp-json\/wp\/v2\/posts\/4427","targetHints":{"allow":["GET"]}}],"collection":[{"href":"https:\/\/radiokfor.com\/2\/wp-json\/wp\/v2\/posts"}],"about":[{"href":"https:\/\/radiokfor.com\/2\/wp-json\/wp\/v2\/types\/post"}],"author":[{"embeddable":true,"href":"https:\/\/radiokfor.com\/2\/wp-json\/wp\/v2\/users\/2"}],"replies":[{"embeddable":true,"href":"https:\/\/radiokfor.com\/2\/wp-json\/wp\/v2\/comments?post=4427"}],"version-history":[{"count":3,"href":"https:\/\/radiokfor.com\/2\/wp-json\/wp\/v2\/posts\/4427\/revisions"}],"predecessor-version":[{"id":4438,"href":"https:\/\/radiokfor.com\/2\/wp-json\/wp\/v2\/posts\/4427\/revisions\/4438"}],"wp:featuredmedia":[{"embeddable":true,"href":"https:\/\/radiokfor.com\/2\/wp-json\/wp\/v2\/media\/4429"}],"wp:attachment":[{"href":"https:\/\/radiokfor.com\/2\/wp-json\/wp\/v2\/media?parent=4427"}],"wp:term":[{"taxonomy":"category","embeddable":true,"href":"https:\/\/radiokfor.com\/2\/wp-json\/wp\/v2\/categories?post=4427"},{"taxonomy":"post_tag","embeddable":true,"href":"https:\/\/radiokfor.com\/2\/wp-json\/wp\/v2\/tags?post=4427"}],"curies":[{"name":"wp","href":"https:\/\/api.w.org\/{rel}","templated":true}]}}