{"id":4296,"date":"2019-07-29T05:38:28","date_gmt":"2019-07-29T05:38:28","guid":{"rendered":"http:\/\/radiokfor.com\/2\/?p=4296"},"modified":"2019-07-29T05:42:47","modified_gmt":"2019-07-29T05:42:47","slug":"nakon-slobode-umetnosti-ljubavi-i-vizije-stize-zavet","status":"publish","type":"post","link":"https:\/\/radiokfor.com\/2\/nakon-slobode-umetnosti-ljubavi-i-vizije-stize-zavet\/","title":{"rendered":"Nakon Slobode, Umetnosti, Ljubavi i Vizije sti\u017ee Zavet"},"content":{"rendered":"<p>Kulturni centar Akvarijus, mesto zna\u010dajnih kulturnih i dru\u0161tvenih de\u0161avanja, predhodnih godina je specifi\u010dan i po tome \u0161to je svaka sezona rada imala odre\u0111eni naziv. Ovo mesto kulture i umetnosti u severnom delu Mitrovice ulazi u petu godinu postojanja i rada i pored Slobode, Umetnosti, Ljubavi i Vizije (nazivi prve \u010detiri godine rada), mora biti bez gre\u0161ke od strane organizatora. To je tvrdnja Miljane Dun\u0111erin, predstavnika ovog kulturnog centra.<\/p>\n<p><em>\u201eDugo smo razmi\u0161ljali o tome kako bi nosila naziv peta jer ipak je to negde i prekretnica, znate prve i druge godine jo\u0161 je to na neki na\u010din publika, i uop\u0161te na\u0161a ideologija rada, poku\u0161avala da dobije svoj oblik i sada u petoj godini nam nije dozvoljena gre\u0161ka u onome \u0161to \u017eelimo da promovi\u0161emo, u onome \u0161to \u017eelimo tokom \u010ditave godine ovde da bude zastupljeno. Definitivno smo u poslednjem momentu, mi i uop\u0161te ljudi koji rade u Akvarijusu, odlu\u010dili da se sezona zove Zavet \u0161to u su\u0161tini predstavlja \u017eivot, a \u017eivot jeste rezultat slobode ljubavi. Tako da mislim da ono \u0161to svima nama danas, u 21. veku, nedostaje je mnogo vi\u0161e ljubavi, mnogo vi\u0161e slobode u svakom smislu te re\u010di jer bez toga nema uop\u0161te \u017eivota, ni umetnosti ponajmanje.\u201c<\/em><\/p>\n<p>Za septembar mesec pripremili su nam Festival de\u010dijeg stvarala\u0161tva pod nazivom Kaktus i to je ono \u0161to je novina, ali bi\u0107e tu jo\u0161 mnogo drugih festivala.<\/p>\n<p><em>\u201eVelika je stvar organizovati festival. Svi festivali koje smo organizovali do sada, a to su Festival \u017eenskog stvarala\u0161tva i Eko festival, stvarno zahtevaju mnogo truda, mnogo vremena i mnogo rada. Mislim da \u0107e u su\u0161tini najlak\u0161e da nam bude ovaj de\u010diji festival da organizujemo jer imamo na\u0161u produkciju i Mali teatar i Mali atelje koji ve\u0107 imaju svoje proizvode i mo\u017eemo pozvati samo goste i dopuniti celu tu na\u0161u ponudu umetni\u010dkih programa i dobi\u0107emo festival\u201d,<\/em> dodaje Miljana i nagla\u0161ava da pored festivala u narednoj sezoni nas o\u010dekuje jo\u0161 mnogo kvizova, mnogo umetni\u010dkih okr\u0161aja.<\/p>\n<p>Nakon 250 programa za ove 4 godine i preko 800 ljudi koje su ugostili sa svih strana, Miljana priznaje da je ipak, nenadano, nezadovoljna.<\/p>\n<p><em>\u201eMi smo u Akvarijusu jako strogi i uvek smo nezadovoljni i mislim da je su\u0161tina bavljenja nekim poslom ka ne\u010dem ve\u0107em, boljem. Takve stvari \u010doveka teraju da budu jo\u0161 produktivniji, jo\u0161 originalniji, mo\u017eda jo\u0161 spremniji u samom radu i prezentovanju programa da bi na kraju iz toga ostao jedan zapis o vremenu u kome \u017eivimo.\u201d<\/em><\/p>\n<p>Nova sezona, umetni\u010dkih i dru\u0161tvenih de\u0161avanja, Zavet u Kulturnom centru Akvarijus \u0107e po\u010deti u septembru.<\/p>\n","protected":false},"excerpt":{"rendered":"<p>Kulturni centar Akvarijus, mesto zna\u010dajnih kulturnih i dru\u0161tvenih de\u0161avanja, predhodnih godina je specifi\u010dan i po tome \u0161to je svaka sezona rada imala odre\u0111eni naziv. Ovo mesto kulture i umetnosti u severnom delu Mitrovice ulazi u petu godinu postojanja i rada i pored Slobode, Umetnosti, Ljubavi i Vizije (nazivi prve \u010detiri godine rada), mora biti bez&hellip;<\/p>\n","protected":false},"author":2,"featured_media":4299,"comment_status":"closed","ping_status":"closed","sticky":false,"template":"","format":"standard","meta":{"footnotes":""},"categories":[2],"tags":[964,20],"class_list":["post-4296","post","type-post","status-publish","format-standard","has-post-thumbnail","hentry","category-news","tag-kulturni-centar-akvarijus","tag-severna-mitrovica","category-2","description-off"],"_links":{"self":[{"href":"https:\/\/radiokfor.com\/2\/wp-json\/wp\/v2\/posts\/4296","targetHints":{"allow":["GET"]}}],"collection":[{"href":"https:\/\/radiokfor.com\/2\/wp-json\/wp\/v2\/posts"}],"about":[{"href":"https:\/\/radiokfor.com\/2\/wp-json\/wp\/v2\/types\/post"}],"author":[{"embeddable":true,"href":"https:\/\/radiokfor.com\/2\/wp-json\/wp\/v2\/users\/2"}],"replies":[{"embeddable":true,"href":"https:\/\/radiokfor.com\/2\/wp-json\/wp\/v2\/comments?post=4296"}],"version-history":[{"count":1,"href":"https:\/\/radiokfor.com\/2\/wp-json\/wp\/v2\/posts\/4296\/revisions"}],"predecessor-version":[{"id":4298,"href":"https:\/\/radiokfor.com\/2\/wp-json\/wp\/v2\/posts\/4296\/revisions\/4298"}],"wp:featuredmedia":[{"embeddable":true,"href":"https:\/\/radiokfor.com\/2\/wp-json\/wp\/v2\/media\/4299"}],"wp:attachment":[{"href":"https:\/\/radiokfor.com\/2\/wp-json\/wp\/v2\/media?parent=4296"}],"wp:term":[{"taxonomy":"category","embeddable":true,"href":"https:\/\/radiokfor.com\/2\/wp-json\/wp\/v2\/categories?post=4296"},{"taxonomy":"post_tag","embeddable":true,"href":"https:\/\/radiokfor.com\/2\/wp-json\/wp\/v2\/tags?post=4296"}],"curies":[{"name":"wp","href":"https:\/\/api.w.org\/{rel}","templated":true}]}}