{"id":4272,"date":"2019-07-26T06:55:13","date_gmt":"2019-07-26T06:55:13","guid":{"rendered":"http:\/\/radiokfor.com\/2\/?p=4272"},"modified":"2019-07-26T06:55:13","modified_gmt":"2019-07-26T06:55:13","slug":"pronadi-sebe-u-evropskoj-kuci-u-severnoj-mitrovici","status":"publish","type":"post","link":"https:\/\/radiokfor.com\/2\/pronadi-sebe-u-evropskoj-kuci-u-severnoj-mitrovici\/","title":{"rendered":"\u201eProna\u0111i sebe&#8221; u Evropskoj ku\u0107i u Severnoj Mitrovici"},"content":{"rendered":"<p>Student Fakulteta umetnosti Pri\u0161tina u Severnoj Mitrovici, Rasim Red\u017eepagi\u0107, predstavi\u0107e svoj talenat kroz izlo\u017ebu radova pod nazivom \u201eProna\u0111i sebe&#8221;.<\/p>\n<p>Izlo\u017eba \u201eProna\u0111i sebe&#8221; bi\u0107e otvorena danas, 26. jula, od 13 \u010dasova u Evropskoj ku\u0107i u Severnoj Mitrovici, a postavku radova mo\u017eete pogledati do kraja meseca avgusta.<\/p>\n<p>Podse\u0107anja radi, Rasim Red\u017eepagi\u0107 bio je u\u010desnik 3. ciklusa Likovnog okr\u0161aja koji se odr\u017eava u Kulturnom centru Akvarijus u Severnoj Mitrovici.<\/p>\n<p>Organizator doga\u0111aja je Evropska ku\u0107a.<\/p>\n","protected":false},"excerpt":{"rendered":"<p>Student Fakulteta umetnosti Pri\u0161tina u Severnoj Mitrovici, Rasim Red\u017eepagi\u0107, predstavi\u0107e svoj talenat kroz izlo\u017ebu radova pod nazivom \u201eProna\u0111i sebe&#8221;. Izlo\u017eba \u201eProna\u0111i sebe&#8221; bi\u0107e otvorena danas, 26. jula, od 13 \u010dasova u Evropskoj ku\u0107i u Severnoj Mitrovici, a postavku radova mo\u017eete pogledati do kraja meseca avgusta. Podse\u0107anja radi, Rasim Red\u017eepagi\u0107 bio je u\u010desnik 3. ciklusa Likovnog&hellip;<\/p>\n","protected":false},"author":2,"featured_media":4274,"comment_status":"closed","ping_status":"closed","sticky":false,"template":"","format":"standard","meta":{"footnotes":""},"categories":[2],"tags":[1323,1322],"class_list":["post-4272","post","type-post","status-publish","format-standard","has-post-thumbnail","hentry","category-news","tag-rasim-redzepagic","tag-pronadi-sebe","category-2","description-off"],"_links":{"self":[{"href":"https:\/\/radiokfor.com\/2\/wp-json\/wp\/v2\/posts\/4272","targetHints":{"allow":["GET"]}}],"collection":[{"href":"https:\/\/radiokfor.com\/2\/wp-json\/wp\/v2\/posts"}],"about":[{"href":"https:\/\/radiokfor.com\/2\/wp-json\/wp\/v2\/types\/post"}],"author":[{"embeddable":true,"href":"https:\/\/radiokfor.com\/2\/wp-json\/wp\/v2\/users\/2"}],"replies":[{"embeddable":true,"href":"https:\/\/radiokfor.com\/2\/wp-json\/wp\/v2\/comments?post=4272"}],"version-history":[{"count":1,"href":"https:\/\/radiokfor.com\/2\/wp-json\/wp\/v2\/posts\/4272\/revisions"}],"predecessor-version":[{"id":4275,"href":"https:\/\/radiokfor.com\/2\/wp-json\/wp\/v2\/posts\/4272\/revisions\/4275"}],"wp:featuredmedia":[{"embeddable":true,"href":"https:\/\/radiokfor.com\/2\/wp-json\/wp\/v2\/media\/4274"}],"wp:attachment":[{"href":"https:\/\/radiokfor.com\/2\/wp-json\/wp\/v2\/media?parent=4272"}],"wp:term":[{"taxonomy":"category","embeddable":true,"href":"https:\/\/radiokfor.com\/2\/wp-json\/wp\/v2\/categories?post=4272"},{"taxonomy":"post_tag","embeddable":true,"href":"https:\/\/radiokfor.com\/2\/wp-json\/wp\/v2\/tags?post=4272"}],"curies":[{"name":"wp","href":"https:\/\/api.w.org\/{rel}","templated":true}]}}