{"id":4264,"date":"2019-07-25T15:04:36","date_gmt":"2019-07-25T15:04:36","guid":{"rendered":"http:\/\/radiokfor.com\/2\/?p=4264"},"modified":"2019-07-26T06:40:31","modified_gmt":"2019-07-26T06:40:31","slug":"donacija-danskog-kfor-a-osnovnoj-skoli-u-jasenoviku","status":"publish","type":"post","link":"https:\/\/radiokfor.com\/2\/donacija-danskog-kfor-a-osnovnoj-skoli-u-jasenoviku\/","title":{"rendered":"Donacija danskog KFOR-a osnovnoj \u0161koli u Jasenoviku"},"content":{"rendered":"<p>Pripadnici Tima za vezu i nadgledanje danskog kontigenta KFOR-a, donirali su vrednu opremu O\u0160 \u201eSveti Sava\u201d u Jasenoviku. Donirana oprema sadr\u017ei igra\u010dke, radijatore i ostale stvari koje su potrebne za normalno funkcionisanje \u0161kole.<\/p>\n<p>Kapetan Henrik, iz danskog KFOR-a, izrazio je svoje zadoljstvo \u0161to je mogao da pomogne ovoj \u0161koli.<\/p>\n<p><em>\u201eDoniramo neke stvari i sakupljamo novac od Dankon mar\u0161a poslednja dva meseca jer \u017eelimo da doniramo dodatni novac za budu\u0107nost Kosova, a to su deca. Donirali smo neki stvari za decu ovoj \u0161koli. Ovo je srpska \u0161kola sa nekoliko albanskih u\u010denika, a kasnije \u0107emo donirati i neke stvari albanskoj \u0161koli u Mitrovici.\u201d<\/em><\/p>\n<p>On je napomenuo da ovo dokazuje nepristrasnost KFOR-a u pomaganju ljudima razli\u010ditih zajednica na Kosovu.<\/p>\n<p><em>\u201eRazgovarao sam pro\u0161le nedelje s direktoricom i pri\u010dali smo o ovoj donaciji. Napomenuo sam da je vrlo interesantno \u0161to u ovoj \u0161koli srbi i albanci u\u010de i rade zajedno i ovo je dobar primer za sve ostale na Kosovu, ali je to tako\u0111e bio razlog zbog kojeg smo se odlu\u010dili da doniramo ovoj \u0161koli.\u201d<\/em><\/p>\n<p>Donaciji danskog KFOR-a, obradovala su se deca ove \u0161kole, ali i osoblje jer, kako isti\u010de direktorica Verica Risti\u0107, nemaju dovoljno materijalnih sredstava za normalan rad.<\/p>\n<p><em>\u201eOva \u0161kola je privukla pa\u017enju i danskog KFOR-a,\u00a0 ali i ranije nekih organizacija, po tome \u0161to u istom objektu se odvija nastava i na srpskom i na albanskom jeziku i to mo\u017eemo re\u0107i i to uvek nagla\u0161avamo, bez ikakvih me\u0111usobnih nesporazuma i problema, radimo potpuno uva\u017eavaju\u0107i jedni druge, dru\u017ee\u0107i se i po\u0161tuju\u0107i se bez problema.\u201d<\/em><\/p>\n<p>Ona je, na kraju, imala i poruku za sve ljude na Kosovu.<\/p>\n<p><em>\u201eZa mlade, ali i za one koji vi\u0161e nisu mladi, mislim da je va\u017eno da svako radi svoj posao najbolje \u0161to ume, nebitno da li je to onaj posao koji sami organizujemo kod svojih ku\u0107a ili smo zaposleni negde, da radimo svoj posao najbolje \u0161to znamo i da damo sve od sebe jer rad je osnova svega.\u201d<\/em><\/p>\n<p>Osnovnu \u0161kolu \u201eSveti Sava\u201d u Jasenoviku poha\u0111aju 30 u\u010denika srpske i 11 u\u010denika albanske nacionalnosti.<\/p>\n","protected":false},"excerpt":{"rendered":"<p>Pripadnici Tima za vezu i nadgledanje danskog kontigenta KFOR-a, donirali su vrednu opremu O\u0160 \u201eSveti Sava\u201d u Jasenoviku. Donirana oprema sadr\u017ei igra\u010dke, radijatore i ostale stvari koje su potrebne za normalno funkcionisanje \u0161kole. Kapetan Henrik, iz danskog KFOR-a, izrazio je svoje zadoljstvo \u0161to je mogao da pomogne ovoj \u0161koli. \u201eDoniramo neke stvari i sakupljamo novac&hellip;<\/p>\n","protected":false},"author":2,"featured_media":4266,"comment_status":"closed","ping_status":"closed","sticky":false,"template":"","format":"standard","meta":{"footnotes":""},"categories":[2],"tags":[1321,36,1320],"class_list":["post-4264","post","type-post","status-publish","format-standard","has-post-thumbnail","hentry","category-news","tag-danski-kontigent-kfor-a","tag-kfor","tag-os-sveti-sava","category-2","description-off"],"_links":{"self":[{"href":"https:\/\/radiokfor.com\/2\/wp-json\/wp\/v2\/posts\/4264","targetHints":{"allow":["GET"]}}],"collection":[{"href":"https:\/\/radiokfor.com\/2\/wp-json\/wp\/v2\/posts"}],"about":[{"href":"https:\/\/radiokfor.com\/2\/wp-json\/wp\/v2\/types\/post"}],"author":[{"embeddable":true,"href":"https:\/\/radiokfor.com\/2\/wp-json\/wp\/v2\/users\/2"}],"replies":[{"embeddable":true,"href":"https:\/\/radiokfor.com\/2\/wp-json\/wp\/v2\/comments?post=4264"}],"version-history":[{"count":4,"href":"https:\/\/radiokfor.com\/2\/wp-json\/wp\/v2\/posts\/4264\/revisions"}],"predecessor-version":[{"id":4271,"href":"https:\/\/radiokfor.com\/2\/wp-json\/wp\/v2\/posts\/4264\/revisions\/4271"}],"wp:featuredmedia":[{"embeddable":true,"href":"https:\/\/radiokfor.com\/2\/wp-json\/wp\/v2\/media\/4266"}],"wp:attachment":[{"href":"https:\/\/radiokfor.com\/2\/wp-json\/wp\/v2\/media?parent=4264"}],"wp:term":[{"taxonomy":"category","embeddable":true,"href":"https:\/\/radiokfor.com\/2\/wp-json\/wp\/v2\/categories?post=4264"},{"taxonomy":"post_tag","embeddable":true,"href":"https:\/\/radiokfor.com\/2\/wp-json\/wp\/v2\/tags?post=4264"}],"curies":[{"name":"wp","href":"https:\/\/api.w.org\/{rel}","templated":true}]}}