{"id":4255,"date":"2019-07-25T08:27:29","date_gmt":"2019-07-25T08:27:29","guid":{"rendered":"http:\/\/radiokfor.com\/2\/?p=4255"},"modified":"2019-07-25T15:06:11","modified_gmt":"2019-07-25T15:06:11","slug":"david-markovic-pozajmio-glas-simbi-u-adaptaciji-kralja-lavova","status":"publish","type":"post","link":"https:\/\/radiokfor.com\/2\/david-markovic-pozajmio-glas-simbi-u-adaptaciji-kralja-lavova\/","title":{"rendered":"David Markovi\u0107 kao Simba u filmu \u201eKralj lavova\u201c"},"content":{"rendered":"<p>Da se talenat, ljubav prema umetnosti i predan rad isplate dokazano je i u slu\u010daju Davida Markovi\u0107a, mladog peva\u010da i umetnika iz Zve\u010dana.<\/p>\n<p>David Markovi\u0107, ne samo \u0161to je muzi\u010dku publiku odu\u0161evio nastupom u popularnom TV \u0161ou \u201ePinkove zvezdice\u201c, nego svoju karijeru gradi polako i sigurno, a u istoj \u0107e mu umnogome pomo\u0107i i najnoviji projekat na kojem je radio.<\/p>\n<p>Naime, mali David je bio deo ekipe umetnika koji su pozajmili svoje glasove za sinhronizaciju na srpski jezik najnovijeg Diznijevog filmskog hita \u201eKralj lavova\u201c.<\/p>\n<p>On je pozajmio glas malom lavi\u0107u Simbi, a za radio KFOR je objasnio i kako je do\u0161lo do toga.<\/p>\n<p>\u201eLjudi iz produkcije ovog filma su me \u010duli kako pevam u \u201ePinkovim zvezdicama\u201c, pozvali su me na audiciju koju sam pro\u0161ao i potom smo snimali\u201c.<\/p>\n<p>David ka\u017ee da je ceo taj proces bio jedno novo i nezaboravno iskustvo za njega i da se nada da \u0107e i u budu\u0107nosti imati prilike da bude opet deo nekog sli\u010dnog projekta. Podse\u0107amo da su glasove za likove u filmu \u201eKralj lavova\u201c pozajmili i na\u0161i poznati glumci poput Dragana Vuji\u0107a Vujketa i Vlade \u017divkovi\u0107a (koji pozajmljivao glas i tokom sinhronizacije orginalnog filma iz 1994. godine).<\/p>\n<p>Pri\u010dao nam je i o aktuelnim i budu\u0107im planovima vezanim za njegovu muzi\u010dku karijeru.<\/p>\n<p>\u201eNastupao sam u revijalnom delu takmi\u010denja \u201eCvrkuti sa Ibra\u201c, a u planu je i snimanje nove pesme\u201c.<\/p>\n<p>Na kraju nam je ispri\u010dao i da ovaj letnji raspust provodi poput ostale dece, igraju\u0107i se, a ide i na plivanje kada god ima prilike.<\/p>\n","protected":false},"excerpt":{"rendered":"<p>Da se talenat, ljubav prema umetnosti i predan rad isplate dokazano je i u slu\u010daju Davida Markovi\u0107a, mladog peva\u010da i umetnika iz Zve\u010dana. David Markovi\u0107, ne samo \u0161to je muzi\u010dku publiku odu\u0161evio nastupom u popularnom TV \u0161ou \u201ePinkove zvezdice\u201c, nego svoju karijeru gradi polako i sigurno, a u istoj \u0107e mu umnogome pomo\u0107i i najnoviji&hellip;<\/p>\n","protected":false},"author":2,"featured_media":4268,"comment_status":"closed","ping_status":"closed","sticky":false,"template":"","format":"standard","meta":{"footnotes":""},"categories":[2],"tags":[],"class_list":["post-4255","post","type-post","status-publish","format-standard","has-post-thumbnail","hentry","category-news","category-2","description-off"],"_links":{"self":[{"href":"https:\/\/radiokfor.com\/2\/wp-json\/wp\/v2\/posts\/4255","targetHints":{"allow":["GET"]}}],"collection":[{"href":"https:\/\/radiokfor.com\/2\/wp-json\/wp\/v2\/posts"}],"about":[{"href":"https:\/\/radiokfor.com\/2\/wp-json\/wp\/v2\/types\/post"}],"author":[{"embeddable":true,"href":"https:\/\/radiokfor.com\/2\/wp-json\/wp\/v2\/users\/2"}],"replies":[{"embeddable":true,"href":"https:\/\/radiokfor.com\/2\/wp-json\/wp\/v2\/comments?post=4255"}],"version-history":[{"count":3,"href":"https:\/\/radiokfor.com\/2\/wp-json\/wp\/v2\/posts\/4255\/revisions"}],"predecessor-version":[{"id":4261,"href":"https:\/\/radiokfor.com\/2\/wp-json\/wp\/v2\/posts\/4255\/revisions\/4261"}],"wp:featuredmedia":[{"embeddable":true,"href":"https:\/\/radiokfor.com\/2\/wp-json\/wp\/v2\/media\/4268"}],"wp:attachment":[{"href":"https:\/\/radiokfor.com\/2\/wp-json\/wp\/v2\/media?parent=4255"}],"wp:term":[{"taxonomy":"category","embeddable":true,"href":"https:\/\/radiokfor.com\/2\/wp-json\/wp\/v2\/categories?post=4255"},{"taxonomy":"post_tag","embeddable":true,"href":"https:\/\/radiokfor.com\/2\/wp-json\/wp\/v2\/tags?post=4255"}],"curies":[{"name":"wp","href":"https:\/\/api.w.org\/{rel}","templated":true}]}}