{"id":4224,"date":"2019-07-22T11:34:33","date_gmt":"2019-07-22T11:34:33","guid":{"rendered":"http:\/\/radiokfor.com\/2\/?p=4224"},"modified":"2019-07-22T11:40:58","modified_gmt":"2019-07-22T11:40:58","slug":"autostrada-bijenale-revolucija-to-smo-mi","status":"publish","type":"post","link":"https:\/\/radiokfor.com\/2\/autostrada-bijenale-revolucija-to-smo-mi\/","title":{"rendered":"Autostrada bijenale \u2013 Revolucija to smo mi"},"content":{"rendered":"<p>U Prizrenu je po\u010dela druga po redu me\u0111unarodna manifestacija savremene umetnosti \u201cAutostrada\u201d Bijenale \u010diji je moto \u201cRevolucija to smo mi\u201d. Tokom trodnevne konferencije 21, 22. i 23. jula u Prizrenu, bi\u0107e predstavljen rad umetnika kao i program manifestacije koja \u0107e trajati dva meseca. Bijenale je doga\u0111aj visokog nivoa koji prikazuje savremenu umetnost na javnim mestima, umetni\u010dke muzeje i druge urbane lokacije.<\/p>\n<p>Organizatori ove manifestacije su na koferenciji za medije u Ku\u0107i Evrope u Pri\u0161tini istakli kako ova manifestacija ima veliki zna\u010daj za umetnost i kulturu na Kosovu i da ovo drugo izdanje dovodi umetnike iz \u010ditavog regiona ali i sveta. Koordinator za medije Vatra Abrashi je istakla da je sve spremno za po\u010detak bijenala pod motom \u201cRevolucija to smo mi\u201d, dok \u0107e kustos biti Italijanski profesor istorije i umetnosti na katedri u Milanu, \u0110acinto Di Pjetrantonio.<\/p>\n<p>U vreme trajanja bijenala u periodu od 21. jula pa do 21. septembra svi posetioci \u0107e mo\u0107i da pogledaju izlo\u017ebe kao i da budu deo mnogih aktivnosti koje \u0107e biti sastavni deo ove manifestacije. Svakog utorka bi\u0107e organizovane grupne posete, dok \u0107e nedeljom biti organizovana poseta pod motom \u201cFamily\u2019s Day\u201d, gde \u0107e roditeljima koji sa sobom povedu decu biti omogu\u0107eno da plate 50% ni\u017eu cenu karte.<\/p>\n<p>Zamisao bijenala na Kosovu je ro\u0111ena iz potrebe da se kanali\u0161u i stimuli\u0161u potencijal i energija lokalne umetni\u010dke scene.<\/p>\n<p>&nbsp;<\/p>\n<p>&nbsp;<\/p>\n<p>&nbsp;<\/p>\n","protected":false},"excerpt":{"rendered":"<p>U Prizrenu je po\u010dela druga po redu me\u0111unarodna manifestacija savremene umetnosti \u201cAutostrada\u201d Bijenale \u010diji je moto \u201cRevolucija to smo mi\u201d. Tokom trodnevne konferencije 21, 22. i 23. jula u Prizrenu, bi\u0107e predstavljen rad umetnika kao i program manifestacije koja \u0107e trajati dva meseca. Bijenale je doga\u0111aj visokog nivoa koji prikazuje savremenu umetnost na javnim mestima,&hellip;<\/p>\n","protected":false},"author":2,"featured_media":4226,"comment_status":"closed","ping_status":"closed","sticky":false,"template":"","format":"standard","meta":{"footnotes":""},"categories":[2,1],"tags":[1310],"class_list":["post-4224","post","type-post","status-publish","format-standard","has-post-thumbnail","hentry","category-news","category-uncategorized","tag-bijenale-autostrada-prizren","category-2","category-1","description-off"],"_links":{"self":[{"href":"https:\/\/radiokfor.com\/2\/wp-json\/wp\/v2\/posts\/4224","targetHints":{"allow":["GET"]}}],"collection":[{"href":"https:\/\/radiokfor.com\/2\/wp-json\/wp\/v2\/posts"}],"about":[{"href":"https:\/\/radiokfor.com\/2\/wp-json\/wp\/v2\/types\/post"}],"author":[{"embeddable":true,"href":"https:\/\/radiokfor.com\/2\/wp-json\/wp\/v2\/users\/2"}],"replies":[{"embeddable":true,"href":"https:\/\/radiokfor.com\/2\/wp-json\/wp\/v2\/comments?post=4224"}],"version-history":[{"count":1,"href":"https:\/\/radiokfor.com\/2\/wp-json\/wp\/v2\/posts\/4224\/revisions"}],"predecessor-version":[{"id":4227,"href":"https:\/\/radiokfor.com\/2\/wp-json\/wp\/v2\/posts\/4224\/revisions\/4227"}],"wp:featuredmedia":[{"embeddable":true,"href":"https:\/\/radiokfor.com\/2\/wp-json\/wp\/v2\/media\/4226"}],"wp:attachment":[{"href":"https:\/\/radiokfor.com\/2\/wp-json\/wp\/v2\/media?parent=4224"}],"wp:term":[{"taxonomy":"category","embeddable":true,"href":"https:\/\/radiokfor.com\/2\/wp-json\/wp\/v2\/categories?post=4224"},{"taxonomy":"post_tag","embeddable":true,"href":"https:\/\/radiokfor.com\/2\/wp-json\/wp\/v2\/tags?post=4224"}],"curies":[{"name":"wp","href":"https:\/\/api.w.org\/{rel}","templated":true}]}}