{"id":4053,"date":"2019-07-05T14:54:37","date_gmt":"2019-07-05T14:54:37","guid":{"rendered":"http:\/\/radiokfor.com\/2\/?p=4053"},"modified":"2019-07-06T06:14:23","modified_gmt":"2019-07-06T06:14:23","slug":"kfor-urucio-vrednu-donaciju-vrticu-durdevak","status":"publish","type":"post","link":"https:\/\/radiokfor.com\/2\/kfor-urucio-vrednu-donaciju-vrticu-durdevak\/","title":{"rendered":"KFOR uru\u010dio vrednu donaciju vrti\u0107u \u201c\u0110ur\u0111evak\u201d"},"content":{"rendered":"<p>Pred\u0161kolska ustanova \u201e\u0110ur\u0111evak\u201c u Gra\u010danici danas je od \u041aFOR-a dobila novi elektri\u010dni \u0161poret za potrebe kuhinje te obrazovne insititucije.<\/p>\n<p>\u0160poret je uru\u010dio italijanski pukovnik Nikola Perone, u pratnji predsednika Op\u0161tine Gra\u010danica Sr\u0111ana Popovi\u0107a.<\/p>\n<p>Na vrednom kuhinjskom aparatu zahvalila se direktorica PU \u201e\u0110ur\u0111evak\u201c Verica Arsi\u0107.<\/p>\n<p>\u201eMi smo ve\u0107 imali jedan sli\u010dan \u0161poret, koji je stvarno dugo tu kod nas i mnogo nam zna\u010di. Ovo je jedan mali praznik za vrti\u0107 jer bi nas takva donacija mnogo ko\u0161tala, ba\u0161 smo radosni jer nam je bio gotovo neophodan.\u201c<\/p>\n<p>O va\u017enosti pru\u017eanja pomo\u0107i razgovarali smo sa predstavnikom Zdru\u017eenog regionalnog odreda jugo-istok, oficirom \u0110uzepeom Lodicom.<\/p>\n<p>\u201cCIMIC ozna\u010dava saradnju izme\u0111u civila i vojske i u ovom slu\u010daju smo organizovali ovaj projekat koji je bitan za nas jer smo pomogli vrti\u0107u. Ovaj vrti\u0107 je glavni za pripremanje obroka za sve ostale vrti\u0107e u oblasti. Osam vrti\u0107a u blizini Gra\u010danice. U ovom slu\u010daju je bitno da im pomognemo jer \u0107e vrti\u0107 pripremati bolje obroke.\u201d<\/p>\n<p>Do donacije \u0161poreta vrti\u0107u \u201e\u0110ur\u0111evak\u201c u Gra\u010danici do\u0161lo zahvaljuju\u0107i dobroj saradnji predsednika Op\u0161tine Gra\u010danica Sr\u0111ana Popovi\u0107a sa italijanskim pukovnikom Peroneom i \u041aFOR-om, koji im je preneo njihove potrebe.<\/p>\n","protected":false},"excerpt":{"rendered":"<p>Pred\u0161kolska ustanova \u201e\u0110ur\u0111evak\u201c u Gra\u010danici danas je od \u041aFOR-a dobila novi elektri\u010dni \u0161poret za potrebe kuhinje te obrazovne insititucije. \u0160poret je uru\u010dio italijanski pukovnik Nikola Perone, u pratnji predsednika Op\u0161tine Gra\u010danica Sr\u0111ana Popovi\u0107a. Na vrednom kuhinjskom aparatu zahvalila se direktorica PU \u201e\u0110ur\u0111evak\u201c Verica Arsi\u0107. \u201eMi smo ve\u0107 imali jedan sli\u010dan \u0161poret, koji je stvarno dugo&hellip;<\/p>\n","protected":false},"author":2,"featured_media":4055,"comment_status":"closed","ping_status":"closed","sticky":false,"template":"","format":"standard","meta":{"footnotes":""},"categories":[2],"tags":[],"class_list":["post-4053","post","type-post","status-publish","format-standard","has-post-thumbnail","hentry","category-news","category-2","description-off"],"_links":{"self":[{"href":"https:\/\/radiokfor.com\/2\/wp-json\/wp\/v2\/posts\/4053","targetHints":{"allow":["GET"]}}],"collection":[{"href":"https:\/\/radiokfor.com\/2\/wp-json\/wp\/v2\/posts"}],"about":[{"href":"https:\/\/radiokfor.com\/2\/wp-json\/wp\/v2\/types\/post"}],"author":[{"embeddable":true,"href":"https:\/\/radiokfor.com\/2\/wp-json\/wp\/v2\/users\/2"}],"replies":[{"embeddable":true,"href":"https:\/\/radiokfor.com\/2\/wp-json\/wp\/v2\/comments?post=4053"}],"version-history":[{"count":2,"href":"https:\/\/radiokfor.com\/2\/wp-json\/wp\/v2\/posts\/4053\/revisions"}],"predecessor-version":[{"id":4060,"href":"https:\/\/radiokfor.com\/2\/wp-json\/wp\/v2\/posts\/4053\/revisions\/4060"}],"wp:featuredmedia":[{"embeddable":true,"href":"https:\/\/radiokfor.com\/2\/wp-json\/wp\/v2\/media\/4055"}],"wp:attachment":[{"href":"https:\/\/radiokfor.com\/2\/wp-json\/wp\/v2\/media?parent=4053"}],"wp:term":[{"taxonomy":"category","embeddable":true,"href":"https:\/\/radiokfor.com\/2\/wp-json\/wp\/v2\/categories?post=4053"},{"taxonomy":"post_tag","embeddable":true,"href":"https:\/\/radiokfor.com\/2\/wp-json\/wp\/v2\/tags?post=4053"}],"curies":[{"name":"wp","href":"https:\/\/api.w.org\/{rel}","templated":true}]}}