{"id":4037,"date":"2019-07-05T05:23:06","date_gmt":"2019-07-05T05:23:06","guid":{"rendered":"http:\/\/radiokfor.com\/2\/?p=4037"},"modified":"2019-07-05T07:12:59","modified_gmt":"2019-07-05T07:12:59","slug":"novi-stazisti-potpisali-ugovore","status":"publish","type":"post","link":"https:\/\/radiokfor.com\/2\/novi-stazisti-potpisali-ugovore\/","title":{"rendered":"Novi sta\u017eisti potpisali ugovore"},"content":{"rendered":"<p>Projekat \u201eUnapre\u0111enje uklju\u010divanja diplomaca u administraciju centralnog i lokalnog nivoa na \u041aosovu\u201c koji sprovodi organizacija Centar za mir i toleranciju (CPT) iz Gra\u010danice u saradnji sa devet op\u0161tina sa srpskom ve\u0107inom i uz podr\u0161ku ambasade Nema\u010dke na \u041aosovu, anga\u017eovao je pedeset mladih ljudi sa kojima su potpisani ugovori o sta\u017eiranju u narednih devet meseci.<\/p>\n<p>Pored stru\u010dnog usavr\u0161avanja, sta\u017eisti \u0107e dva puta nedeljno imati i odre\u0111ena predavanja i kurseve.<\/p>\n<p>Predstavnik CPT-a Vladan Trifi\u0107 istakao je da se program sprovodi tre\u0107u godinu zaredom, zahvaljuju\u0107i donatorima.<\/p>\n<p>\u201eOve godine broj sta\u017eista smo pove\u0107ali za 50 procenata i veliku zahvalnost upu\u0107ujemo ambasadi Nema\u010dke koja je prepoznala sve pozitivno \u0161to smo radili u predhodne dve godine. Hvala i Op\u0161tini Gra\u010danica koja je, izme\u0111u ostalih, na\u0161 najbolji partner.\u201c<\/p>\n<p>Ugovor o stru\u010dnom usavr\u0161avanju ukupno \u0107e potpisati 75 sta\u017eista iz devet op\u0161tina sa srpskom ve\u0107inom. Pedeset ugovora su potpisali sta\u017eisti iz Gra\u010danice, Raniluga, Novog Brda, Parte\u0161a i \u041alokota. Ostalih 25 iz op\u0161tina Severna Mitrovica, Zubin Potok, Leposavi\u0107 i Zve\u010dan ugovore su potpisali 4. jula u zgradi Op\u0161tine Severna Mitrovica.<\/p>\n<p>Prema potpisanom ugovoru, sta\u017eistima \u0107e biti obezbe\u0111ena bruto mese\u010dna naknada u visini od 150 evra, ra\u010dunaju\u0107i i obavezno osiguranje i doprinose.<\/p>\n","protected":false},"excerpt":{"rendered":"<p>Projekat \u201eUnapre\u0111enje uklju\u010divanja diplomaca u administraciju centralnog i lokalnog nivoa na \u041aosovu\u201c koji sprovodi organizacija Centar za mir i toleranciju (CPT) iz Gra\u010danice u saradnji sa devet op\u0161tina sa srpskom ve\u0107inom i uz podr\u0161ku ambasade Nema\u010dke na \u041aosovu, anga\u017eovao je pedeset mladih ljudi sa kojima su potpisani ugovori o sta\u017eiranju u narednih devet meseci. Pored&hellip;<\/p>\n","protected":false},"author":2,"featured_media":4039,"comment_status":"closed","ping_status":"closed","sticky":false,"template":"","format":"standard","meta":{"footnotes":""},"categories":[2],"tags":[1165,1260],"class_list":["post-4037","post","type-post","status-publish","format-standard","has-post-thumbnail","hentry","category-news","tag-centar-za-mir-i-toleranciju","tag-unapredenje-ukljucivanja-diplomaca-u-administraciju-centralnog-i-lokalnog-nivoa-na-osovu","category-2","description-off"],"_links":{"self":[{"href":"https:\/\/radiokfor.com\/2\/wp-json\/wp\/v2\/posts\/4037","targetHints":{"allow":["GET"]}}],"collection":[{"href":"https:\/\/radiokfor.com\/2\/wp-json\/wp\/v2\/posts"}],"about":[{"href":"https:\/\/radiokfor.com\/2\/wp-json\/wp\/v2\/types\/post"}],"author":[{"embeddable":true,"href":"https:\/\/radiokfor.com\/2\/wp-json\/wp\/v2\/users\/2"}],"replies":[{"embeddable":true,"href":"https:\/\/radiokfor.com\/2\/wp-json\/wp\/v2\/comments?post=4037"}],"version-history":[{"count":3,"href":"https:\/\/radiokfor.com\/2\/wp-json\/wp\/v2\/posts\/4037\/revisions"}],"predecessor-version":[{"id":4049,"href":"https:\/\/radiokfor.com\/2\/wp-json\/wp\/v2\/posts\/4037\/revisions\/4049"}],"wp:featuredmedia":[{"embeddable":true,"href":"https:\/\/radiokfor.com\/2\/wp-json\/wp\/v2\/media\/4039"}],"wp:attachment":[{"href":"https:\/\/radiokfor.com\/2\/wp-json\/wp\/v2\/media?parent=4037"}],"wp:term":[{"taxonomy":"category","embeddable":true,"href":"https:\/\/radiokfor.com\/2\/wp-json\/wp\/v2\/categories?post=4037"},{"taxonomy":"post_tag","embeddable":true,"href":"https:\/\/radiokfor.com\/2\/wp-json\/wp\/v2\/tags?post=4037"}],"curies":[{"name":"wp","href":"https:\/\/api.w.org\/{rel}","templated":true}]}}