{"id":4034,"date":"2019-07-04T07:03:30","date_gmt":"2019-07-04T07:03:30","guid":{"rendered":"http:\/\/radiokfor.com\/2\/?p=4034"},"modified":"2019-07-04T07:03:30","modified_gmt":"2019-07-04T07:03:30","slug":"deo-projekta-%d1%98%d0%b0-insistiram-na-svojim-pravima-predstavljen-u-gracanici","status":"publish","type":"post","link":"https:\/\/radiokfor.com\/2\/deo-projekta-%d1%98%d0%b0-insistiram-na-svojim-pravima-predstavljen-u-gracanici\/","title":{"rendered":"Deo projekta \u201e\u0408\u0430 insistiram na svojim pravima\u201d predstavljen u Gra\u010danici"},"content":{"rendered":"<p>Lokalne nevladine organizacije i predstavnici javnosti okupili su se u hotelu Ulpiana u Gra\u010danici da bi saznali vi\u0161e o amandmanima o zakonu u porodici, koji su zagovarale aktivistkinje za \u017eenska prava i \u0161efica NVO \u201eInicijativa za pravdu i jednakost \u201c Luljeta Aliu.<\/p>\n<p>Kao deo projekta \u201e\u0408\u0430 insistiram na svojim pravima\u201d koji finansira UNMIK, Aliu je govorila o tome kako je sudska praksa raspodele zajedni\u010dkih sredstava u postupcima za razvod braka bila \u0161tetna za \u017eene u pro\u0161losti, ignori\u0161u\u0107i vrednost doprinosa doma\u0107instvu. Panel je lokalnim \u017eenama pru\u017eio informacije o njihovim pravima nakon istorijske promene zakona.<\/p>\n<p>Navode\u0107i brojne razloge zbog kojih su \u017eene obi\u010dno pretrpele diskriminaciju, Aliu je naglasila:<\/p>\n<p>\u201cPatrijahalni na\u010din razmi\u0161ljanja i visok nivo nezaposlenosti \u017eena su vode\u0107i uzroci. Glavna zabrinutost koju su izrazili svi panelistii bila je da \u010dak iako su zakoni dobri na papiru, njihova implementacija je pogre\u0161na. Ranije zakon nije priznao ku\u0107ne poslove kao ekonomski doprinos pri podeli imovine nakon razvoda. Ovo je obi\u010dno imalo uticaja na \u017eene koje imaju mnogo ni\u017ee stope zaposlenosti od mu\u0161karaca na Kosovu, i zna\u010dile su da im nije dat jednak udeo u odnosnoj imovini, tj. dok nije uspe\u0161no vodila kampanju za amandman koji posebno priznaje ovaj doprinos koji je usvojila Skupstina Kosova u januaru ove godine\u201d.<\/p>\n<p>Zna\u010daj \u017eena da se pravilno edukuju o svojim pravima istaknuta je od strane nevladine organizacije \u201cRuka Ruci\u201d Nevenke Rikalo, koja tako\u0111e\u00a0 volontira u multietni\u010dkom skloni\u0161tu za rodno zasnovano nasilje u Novom Brdu.<\/p>\n<p>&#8220;Informisana \u017eena je osna\u017eena \u017eena. Stereotipi o ulozi \u017eena u porodici, dru\u0161tvu i na radnom mestu neophodni za promenu i da se to najbolje posti\u017ee kroz svesnost &#8211; podizanje aktivnosti&#8221;.<\/p>\n<p>Menad\u017eer Gra\u0111anskog energetskog centra Gra\u010danica Sne\u017eana Peric\u0301 izjavila je da je, iako je bila svesna inicijative za izmenu zakona koji \u017eenama daje vec\u0301a prava na vlasni\u0161tvo nad imovinom, sa zadovoljstvom saznala da je novi zakon vec\u0301 stupio na snagu.<\/p>\n<p>&#8220;Mislim da \u017eene nisu adekvatno informisane o tome na \u0161ta imaju pravo&#8221;, rekla je ona, pozivajuc\u0301i na dalje otvorene debate i informativne kampanje o \u017eenskim pravima, smatra Peric\u0301.<\/p>\n<p>Generalni direktor NVO \u201cKomunikacija za dru\u0161tveni razvoj\u201d Oliver Vujovic\u0301\u00a0 je dodao\u00a0 da obrazovne inicijative o \u017eenskim pravima na zajedni\u010dku imovinu treba da se fokusiraju na mu\u0161karce jednako kao i na \u017eene.<\/p>\n","protected":false},"excerpt":{"rendered":"<p>Lokalne nevladine organizacije i predstavnici javnosti okupili su se u hotelu Ulpiana u Gra\u010danici da bi saznali vi\u0161e o amandmanima o zakonu u porodici, koji su zagovarale aktivistkinje za \u017eenska prava i \u0161efica NVO \u201eInicijativa za pravdu i jednakost \u201c Luljeta Aliu. Kao deo projekta \u201e\u0408\u0430 insistiram na svojim pravima\u201d koji finansira UNMIK, Aliu je&hellip;<\/p>\n","protected":false},"author":2,"featured_media":4023,"comment_status":"closed","ping_status":"closed","sticky":false,"template":"","format":"standard","meta":{"footnotes":""},"categories":[2],"tags":[13,1258,1257,1256,1255,1259],"class_list":["post-4034","post","type-post","status-publish","format-standard","has-post-thumbnail","hentry","category-news","tag-gracanica","tag-inicijativa","tag-nevladine-organizacije","tag-ngo","tag-nvo","tag-zenska-prava","category-2","description-off"],"_links":{"self":[{"href":"https:\/\/radiokfor.com\/2\/wp-json\/wp\/v2\/posts\/4034","targetHints":{"allow":["GET"]}}],"collection":[{"href":"https:\/\/radiokfor.com\/2\/wp-json\/wp\/v2\/posts"}],"about":[{"href":"https:\/\/radiokfor.com\/2\/wp-json\/wp\/v2\/types\/post"}],"author":[{"embeddable":true,"href":"https:\/\/radiokfor.com\/2\/wp-json\/wp\/v2\/users\/2"}],"replies":[{"embeddable":true,"href":"https:\/\/radiokfor.com\/2\/wp-json\/wp\/v2\/comments?post=4034"}],"version-history":[{"count":1,"href":"https:\/\/radiokfor.com\/2\/wp-json\/wp\/v2\/posts\/4034\/revisions"}],"predecessor-version":[{"id":4036,"href":"https:\/\/radiokfor.com\/2\/wp-json\/wp\/v2\/posts\/4034\/revisions\/4036"}],"wp:featuredmedia":[{"embeddable":true,"href":"https:\/\/radiokfor.com\/2\/wp-json\/wp\/v2\/media\/4023"}],"wp:attachment":[{"href":"https:\/\/radiokfor.com\/2\/wp-json\/wp\/v2\/media?parent=4034"}],"wp:term":[{"taxonomy":"category","embeddable":true,"href":"https:\/\/radiokfor.com\/2\/wp-json\/wp\/v2\/categories?post=4034"},{"taxonomy":"post_tag","embeddable":true,"href":"https:\/\/radiokfor.com\/2\/wp-json\/wp\/v2\/tags?post=4034"}],"curies":[{"name":"wp","href":"https:\/\/api.w.org\/{rel}","templated":true}]}}