{"id":373,"date":"2018-09-21T11:32:17","date_gmt":"2018-09-21T11:32:17","guid":{"rendered":"http:\/\/radiokfor.com\/2\/?p=373"},"modified":"2018-11-27T17:33:48","modified_gmt":"2018-11-27T17:33:48","slug":"vodite-se-emocijama-porucuje-vladan-savic-frontmen-magla-bend-a","status":"publish","type":"post","link":"https:\/\/radiokfor.com\/2\/vodite-se-emocijama-porucuje-vladan-savic-frontmen-magla-bend-a\/","title":{"rendered":"Vodite se emocijama poru\u010duje Vladan Savi\u0107, frontmen Magla bend-a"},"content":{"rendered":"<p>Ukoliko izaberete posao koji volite, ne\u0107ete raditi ni jedan jedini dan u \u017eivotu. Svojim nastupom, svirkom i aktielnim repertoarom, Magla bend stvara vrhunsku atmosferu gde god nastupao, a ljubav prema muzici je ovo \u0161to ih vodi na putu ka uspehu zaklju\u010dili smo u razgovoru sa frontmenom Magla benda Vladanom Stevi\u0107em.<\/p>\n<p><em>\u201eKad si rekla ljubav\u00a0 stvarno je ljubav jer svi radimo ovaj posao zato \u0161to volimo muziku i volimo svoj\u00a0<\/em><em>posao, naravno i \u017eivimo od toga. Na prvom mestu je ljubav i to stvarno publika oseti i to je nama najva\u017enije.\u201c<\/em><\/p>\n<p>Ovo je njihov drugi nastup na Kosovu, ina\u010de prvi u Gra\u010danici, te na odu\u0161evljenje i aplauze publike, Vladan nije ostao raznodu\u0161an.<\/p>\n<p><em>\u201eTo je neka ba\u0161, ba\u0161 posebna emocija. Na predhodnom koncertu ja sam se jedva oporavio, bio je stvarno prepun emocija i plakanja, grlo mi je drhtalo dok sam pevao, tako da puno, puno puno emocija. Ima neke stvari koje umaraju van samog tog nastupa. Najlak\u0161e je popeti se na binu i pevati i preneti \u00a0dobru energiju. Ima ostalih stvari koje su malo te\u017ee i sastanci i studio i nove pesme i potraga za novim pesmama tako da ima tu stvari na koje gledamo malo kao na posao, a sam nastup je samo ljubav.\u201c<\/em><\/p>\n<p>Planove za budu\u0107nost imaju, a neke su i podelili sa nama.<\/p>\n<p><em>\u201eUskoro dosta novih pesama, mi planiramo da do marta, aprila slede\u0107e godine objavimo novi album. Dosta nam je donela karijeri pesma \u201cSamo se no\u0107as pojavi\u201c, jako popularna pesma, po meni u izboru za hit godine, vide\u0107emo do kraja godine. Nastavi\u0107emo punim tempom, imamo jo\u0161 puno pesama, \u010dekamo neki tekst da se zavr\u0161i. Verovatno \u0107emo imati i duet sa jednom na\u0161om zvezdom, \u017eenska osoba je u pitanju, ali ne\u0107emo otkriti detalje dok se sve to ne ostvari i ne poklopi kako treba, tako da bi\u0107e puno iznena\u0111enja\u201c<\/em>, dodaje Vladan i za kraj na\u0161eg razgovora poru\u010duje:\u00a0<em>\u201eVoleo bih da se vrati vreme na\u0161ih roditelja gde je bilo vi\u0161e emocija. Na\u017ealost \u00a0vremenom se sve gubi, sve je oti\u0161lo u drugi plan, ali emocija je na prvom mestu i vodite se emocijama.\u201c<\/em><\/p>\n","protected":false},"excerpt":{"rendered":"<p>Ukoliko izaberete posao koji volite, ne\u0107ete raditi ni jedan jedini dan u \u017eivotu. Svojim nastupom, svirkom i aktielnim repertoarom, Magla bend stvara vrhunsku atmosferu gde god nastupao, a ljubav prema muzici je ovo \u0161to ih vodi na putu ka uspehu zaklju\u010dili smo u razgovoru sa frontmenom Magla benda Vladanom Stevi\u0107em. \u201eKad si rekla ljubav\u00a0 stvarno&hellip;<\/p>\n","protected":false},"author":2,"featured_media":375,"comment_status":"open","ping_status":"open","sticky":false,"template":"","format":"standard","meta":{"footnotes":""},"categories":[2],"tags":[13,109,108],"class_list":["post-373","post","type-post","status-publish","format-standard","has-post-thumbnail","hentry","category-news","tag-gracanica","tag-magla-bend","tag-vladan-savic","category-2","description-off"],"_links":{"self":[{"href":"https:\/\/radiokfor.com\/2\/wp-json\/wp\/v2\/posts\/373","targetHints":{"allow":["GET"]}}],"collection":[{"href":"https:\/\/radiokfor.com\/2\/wp-json\/wp\/v2\/posts"}],"about":[{"href":"https:\/\/radiokfor.com\/2\/wp-json\/wp\/v2\/types\/post"}],"author":[{"embeddable":true,"href":"https:\/\/radiokfor.com\/2\/wp-json\/wp\/v2\/users\/2"}],"replies":[{"embeddable":true,"href":"https:\/\/radiokfor.com\/2\/wp-json\/wp\/v2\/comments?post=373"}],"version-history":[{"count":1,"href":"https:\/\/radiokfor.com\/2\/wp-json\/wp\/v2\/posts\/373\/revisions"}],"predecessor-version":[{"id":376,"href":"https:\/\/radiokfor.com\/2\/wp-json\/wp\/v2\/posts\/373\/revisions\/376"}],"wp:featuredmedia":[{"embeddable":true,"href":"https:\/\/radiokfor.com\/2\/wp-json\/wp\/v2\/media\/375"}],"wp:attachment":[{"href":"https:\/\/radiokfor.com\/2\/wp-json\/wp\/v2\/media?parent=373"}],"wp:term":[{"taxonomy":"category","embeddable":true,"href":"https:\/\/radiokfor.com\/2\/wp-json\/wp\/v2\/categories?post=373"},{"taxonomy":"post_tag","embeddable":true,"href":"https:\/\/radiokfor.com\/2\/wp-json\/wp\/v2\/tags?post=373"}],"curies":[{"name":"wp","href":"https:\/\/api.w.org\/{rel}","templated":true}]}}