{"id":3719,"date":"2019-05-29T09:21:43","date_gmt":"2019-05-29T09:21:43","guid":{"rendered":"http:\/\/radiokfor.com\/2\/?p=3719"},"modified":"2019-05-29T09:21:43","modified_gmt":"2019-05-29T09:21:43","slug":"gudacki-kvartet-mokranjac-na-severu-kosova","status":"publish","type":"post","link":"https:\/\/radiokfor.com\/2\/gudacki-kvartet-mokranjac-na-severu-kosova\/","title":{"rendered":"Guda\u010dki kvartet \u201eMokranjac\u201c na severu Kosova"},"content":{"rendered":"<p>U sredu, 29. maja, u Studentskom klubu u Severnoj Mitrovici sa po\u010detkom od 20 \u010dasova i u \u010detvrtak, 30. maja, u Domu kulture \u201eStari Kola\u0161in\u201d u Zubinom Potoku nastupa Guda\u010dki kvartet \u201eMokranjac\u201c u 13 \u010dasova.<\/p>\n<p>Repertoar kvarteta obuhvata dela kompozitora svih epoha od baroka do savremene muzike a na narednim koncertima posetioci \u0107e u\u017eivati u delima V.A. Mocarta, \u0110. Pu\u010dinija, A. Pjacole i Rajka Maksimovi\u0107a.<\/p>\n<p>Kvartet su 2010. godine osnovali profesori muzi\u010dke \u0161kole \u201eMokranjac\u201c u Beogradu: Vladimir Vasiljevi\u0107, Viktor Bajler, Tomislav Milo\u0161evi\u0107 i \u0110or\u0111e Milo\u0161evi\u0107, a trenutnu postavku istog \u010dine: Aleksandra Milanovi\u0107 (violina), Jovana Sto\u0161i\u0107 (violina), Tomislav Milo\u0161evi\u0107 (viola) i \u0110or\u0111e Milo\u0161evi\u0107 (violon\u010delo).<\/p>\n","protected":false},"excerpt":{"rendered":"<p>U sredu, 29. maja, u Studentskom klubu u Severnoj Mitrovici sa po\u010detkom od 20 \u010dasova i u \u010detvrtak, 30. maja, u Domu kulture \u201eStari Kola\u0161in\u201d u Zubinom Potoku nastupa Guda\u010dki kvartet \u201eMokranjac\u201c u 13 \u010dasova. Repertoar kvarteta obuhvata dela kompozitora svih epoha od baroka do savremene muzike a na narednim koncertima posetioci \u0107e u\u017eivati u&hellip;<\/p>\n","protected":false},"author":2,"featured_media":3721,"comment_status":"closed","ping_status":"closed","sticky":false,"template":"","format":"standard","meta":{"footnotes":""},"categories":[2],"tags":[1199,20,149],"class_list":["post-3719","post","type-post","status-publish","format-standard","has-post-thumbnail","hentry","category-news","tag-gudacki-kvartet-mokranjac","tag-severna-mitrovica","tag-zubin-potok","category-2","description-off"],"_links":{"self":[{"href":"https:\/\/radiokfor.com\/2\/wp-json\/wp\/v2\/posts\/3719","targetHints":{"allow":["GET"]}}],"collection":[{"href":"https:\/\/radiokfor.com\/2\/wp-json\/wp\/v2\/posts"}],"about":[{"href":"https:\/\/radiokfor.com\/2\/wp-json\/wp\/v2\/types\/post"}],"author":[{"embeddable":true,"href":"https:\/\/radiokfor.com\/2\/wp-json\/wp\/v2\/users\/2"}],"replies":[{"embeddable":true,"href":"https:\/\/radiokfor.com\/2\/wp-json\/wp\/v2\/comments?post=3719"}],"version-history":[{"count":1,"href":"https:\/\/radiokfor.com\/2\/wp-json\/wp\/v2\/posts\/3719\/revisions"}],"predecessor-version":[{"id":3722,"href":"https:\/\/radiokfor.com\/2\/wp-json\/wp\/v2\/posts\/3719\/revisions\/3722"}],"wp:featuredmedia":[{"embeddable":true,"href":"https:\/\/radiokfor.com\/2\/wp-json\/wp\/v2\/media\/3721"}],"wp:attachment":[{"href":"https:\/\/radiokfor.com\/2\/wp-json\/wp\/v2\/media?parent=3719"}],"wp:term":[{"taxonomy":"category","embeddable":true,"href":"https:\/\/radiokfor.com\/2\/wp-json\/wp\/v2\/categories?post=3719"},{"taxonomy":"post_tag","embeddable":true,"href":"https:\/\/radiokfor.com\/2\/wp-json\/wp\/v2\/tags?post=3719"}],"curies":[{"name":"wp","href":"https:\/\/api.w.org\/{rel}","templated":true}]}}