{"id":3709,"date":"2019-05-28T06:36:59","date_gmt":"2019-05-28T06:36:59","guid":{"rendered":"http:\/\/radiokfor.com\/2\/?p=3709"},"modified":"2019-05-28T06:38:53","modified_gmt":"2019-05-28T06:38:53","slug":"pricajmo-o-ekonomiji-sa-stefanom-sovrlicem","status":"publish","type":"post","link":"https:\/\/radiokfor.com\/2\/pricajmo-o-ekonomiji-sa-stefanom-sovrlicem\/","title":{"rendered":"Pri\u010dajmo o ekonomiji sa Stefanom Sovrli\u0107em"},"content":{"rendered":"<p>U okviru kampanje \u201ePri\u010dajmo o ekonomiji\u201d u Evropskoj ku\u0107i u Severnoj Mitrovici, danas (28. maja) od 13h, odr\u017ea\u0107e se diskusija o omladinskim preduzetnicima kroz koju \u0107e vas voditi suosniva\u010d i direktor W3 Lab, Stefan Sovrli\u0107.<\/p>\n<p>Kao mladi biznismen \u010dija je kompanija specijalizovana za web dizajn i optimatizaciju sajta Stefan Sovrli\u0107 \u0107e pri\u010dati o svom iskustvu u preduzetni\u0161tvu, izazovima i beneficijama za pokretanje preduze\u0107a kao i biznisu koji uspe\u0161no vodi.<\/p>\n<p>Kampanju \u201ePri\u010dajmo o ekonomiji\u201d sprovode Evropska ku\u0107a i Kancelarija Evropske unije na Kosovu.<\/p>\n","protected":false},"excerpt":{"rendered":"<p>U okviru kampanje \u201ePri\u010dajmo o ekonomiji\u201d u Evropskoj ku\u0107i u Severnoj Mitrovici, danas (28. maja) od 13h, odr\u017ea\u0107e se diskusija o omladinskim preduzetnicima kroz koju \u0107e vas voditi suosniva\u010d i direktor W3 Lab, Stefan Sovrli\u0107. Kao mladi biznismen \u010dija je kompanija specijalizovana za web dizajn i optimatizaciju sajta Stefan Sovrli\u0107 \u0107e pri\u010dati o svom iskustvu&hellip;<\/p>\n","protected":false},"author":2,"featured_media":3714,"comment_status":"closed","ping_status":"closed","sticky":false,"template":"","format":"standard","meta":{"footnotes":""},"categories":[2],"tags":[1196,1197],"class_list":["post-3709","post","type-post","status-publish","format-standard","has-post-thumbnail","hentry","category-news","tag-pricajmo-o-ekonomiji","tag-w3-lab","category-2","description-off"],"_links":{"self":[{"href":"https:\/\/radiokfor.com\/2\/wp-json\/wp\/v2\/posts\/3709","targetHints":{"allow":["GET"]}}],"collection":[{"href":"https:\/\/radiokfor.com\/2\/wp-json\/wp\/v2\/posts"}],"about":[{"href":"https:\/\/radiokfor.com\/2\/wp-json\/wp\/v2\/types\/post"}],"author":[{"embeddable":true,"href":"https:\/\/radiokfor.com\/2\/wp-json\/wp\/v2\/users\/2"}],"replies":[{"embeddable":true,"href":"https:\/\/radiokfor.com\/2\/wp-json\/wp\/v2\/comments?post=3709"}],"version-history":[{"count":1,"href":"https:\/\/radiokfor.com\/2\/wp-json\/wp\/v2\/posts\/3709\/revisions"}],"predecessor-version":[{"id":3713,"href":"https:\/\/radiokfor.com\/2\/wp-json\/wp\/v2\/posts\/3709\/revisions\/3713"}],"wp:featuredmedia":[{"embeddable":true,"href":"https:\/\/radiokfor.com\/2\/wp-json\/wp\/v2\/media\/3714"}],"wp:attachment":[{"href":"https:\/\/radiokfor.com\/2\/wp-json\/wp\/v2\/media?parent=3709"}],"wp:term":[{"taxonomy":"category","embeddable":true,"href":"https:\/\/radiokfor.com\/2\/wp-json\/wp\/v2\/categories?post=3709"},{"taxonomy":"post_tag","embeddable":true,"href":"https:\/\/radiokfor.com\/2\/wp-json\/wp\/v2\/tags?post=3709"}],"curies":[{"name":"wp","href":"https:\/\/api.w.org\/{rel}","templated":true}]}}