{"id":3696,"date":"2019-05-24T10:02:41","date_gmt":"2019-05-24T10:02:41","guid":{"rendered":"http:\/\/radiokfor.com\/2\/?p=3696"},"modified":"2019-05-24T10:02:41","modified_gmt":"2019-05-24T10:02:41","slug":"odrzan-sajam-obrazovanja-u-gracanici","status":"publish","type":"post","link":"https:\/\/radiokfor.com\/2\/odrzan-sajam-obrazovanja-u-gracanici\/","title":{"rendered":"Odr\u017ean sajam obrazovanja u Gra\u010danici"},"content":{"rendered":"<p>Pod nazivom &#8220;Do\u0111i, informi\u0161i se&#8221; u Gra\u010danici je odr\u017ean sajam obrazovanja na kojem su\u00a0 u\u010destvovale srednje \u0161kole sa teritorije Op\u0161tine Gra\u010danica.\u00a0 Sajam obrazovanja koji je namenjen u\u010denicima zavr\u0161nih razreda osnovnih \u0161kola izazvao je veliko interesovanje me\u0111u svr\u0161enim osnovcima koji su imali priliku da se upoznaju sa obrazovnim profilima u devet srednjih \u0161kola.<\/p>\n<p>Sajam je posetila i direktorica op\u0161tinskog odeljenja obrazovanja Brankica Ni\u0107i\u0107. Ona je maturantima \u010destitala uspe\u0161an zavr\u0161etak osmog razreda i po\u017eelela im puno uspeha u daljem \u0161kolovanju. Op\u0161tina Gra\u010danica bi\u0107e, kako je kazala, uvek tu da pomogne mladima.<\/p>\n<p>\u201eMislim da je ovaj sajam obrazovanja jedan od dobrih pokazatelja koliko su deca zainteresovana da do\u0111u da se informi\u0161u i postave sva pitanja koja ih interesuju i tako sami donesu odluku \u010dime \u0107e se dalje baviti u \u017eivotu\u201c, kazala je Brankica Ni\u0107i\u0107.<\/p>\n<p>Ivan Stojkovi\u0107 iz Doma kulture Gra\u010danica je istakao da je sajam\u00a0 prilika da maturanti dobiju sve potrebne informacije o programima srednjih \u0161kola. On je dodao da ovo nije samo tradicija ve\u0107 i obaveza organizatora da decu upoznaju sa mogu\u0107nostima daljeg \u0161kolovanja.<\/p>\n<p>\u201eRaduje nas \u0161to za ovaj sajam traje veliko interesovanje \u0161to nam samo daje podstrek da ovaj sajam organizujemo i naredne godine koji \u0107e biti peti po redu. Ponosni smo na \u010dinjenicu da je sajam obrazovanja za srednje \u0161kole bio uspe\u0161an a evo i danas organizacija je bila jako dobra i do\u0161ao je veliki broj dece. Nadamo se da \u0107emo svake godine imati sve vi\u0161e i vi\u0161e dece u \u0161kolama\u201c, kazao je Stojkovi\u0107.<\/p>\n<p>Sajam obrazovanja se odr\u017eava \u010detvrtu godinu zaredom. Pre desetak dana odr\u017ean je sajam na kojem su se predstavile visoko\u0161kolske ustanove.<\/p>\n","protected":false},"excerpt":{"rendered":"<p>Pod nazivom &#8220;Do\u0111i, informi\u0161i se&#8221; u Gra\u010danici je odr\u017ean sajam obrazovanja na kojem su\u00a0 u\u010destvovale srednje \u0161kole sa teritorije Op\u0161tine Gra\u010danica.\u00a0 Sajam obrazovanja koji je namenjen u\u010denicima zavr\u0161nih razreda osnovnih \u0161kola izazvao je veliko interesovanje me\u0111u svr\u0161enim osnovcima koji su imali priliku da se upoznaju sa obrazovnim profilima u devet srednjih \u0161kola. Sajam je posetila&hellip;<\/p>\n","protected":false},"author":2,"featured_media":3698,"comment_status":"closed","ping_status":"closed","sticky":false,"template":"","format":"standard","meta":{"footnotes":""},"categories":[2],"tags":[13,1194,1193],"class_list":["post-3696","post","type-post","status-publish","format-standard","has-post-thumbnail","hentry","category-news","tag-gracanica","tag-obrazovanje","tag-sajam","category-2","description-off"],"_links":{"self":[{"href":"https:\/\/radiokfor.com\/2\/wp-json\/wp\/v2\/posts\/3696","targetHints":{"allow":["GET"]}}],"collection":[{"href":"https:\/\/radiokfor.com\/2\/wp-json\/wp\/v2\/posts"}],"about":[{"href":"https:\/\/radiokfor.com\/2\/wp-json\/wp\/v2\/types\/post"}],"author":[{"embeddable":true,"href":"https:\/\/radiokfor.com\/2\/wp-json\/wp\/v2\/users\/2"}],"replies":[{"embeddable":true,"href":"https:\/\/radiokfor.com\/2\/wp-json\/wp\/v2\/comments?post=3696"}],"version-history":[{"count":1,"href":"https:\/\/radiokfor.com\/2\/wp-json\/wp\/v2\/posts\/3696\/revisions"}],"predecessor-version":[{"id":3699,"href":"https:\/\/radiokfor.com\/2\/wp-json\/wp\/v2\/posts\/3696\/revisions\/3699"}],"wp:featuredmedia":[{"embeddable":true,"href":"https:\/\/radiokfor.com\/2\/wp-json\/wp\/v2\/media\/3698"}],"wp:attachment":[{"href":"https:\/\/radiokfor.com\/2\/wp-json\/wp\/v2\/media?parent=3696"}],"wp:term":[{"taxonomy":"category","embeddable":true,"href":"https:\/\/radiokfor.com\/2\/wp-json\/wp\/v2\/categories?post=3696"},{"taxonomy":"post_tag","embeddable":true,"href":"https:\/\/radiokfor.com\/2\/wp-json\/wp\/v2\/tags?post=3696"}],"curies":[{"name":"wp","href":"https:\/\/api.w.org\/{rel}","templated":true}]}}