{"id":3475,"date":"2019-04-09T06:49:23","date_gmt":"2019-04-09T06:49:23","guid":{"rendered":"http:\/\/radiokfor.com\/2\/?p=3475"},"modified":"2019-04-09T06:49:23","modified_gmt":"2019-04-09T06:49:23","slug":"akademik-milosav-tesic-gost-doma-kulture-stari-kolasin-u-zubinom-potoku","status":"publish","type":"post","link":"https:\/\/radiokfor.com\/2\/akademik-milosav-tesic-gost-doma-kulture-stari-kolasin-u-zubinom-potoku\/","title":{"rendered":"Akademik Milosav Te\u0161i\u0107, gost Doma kulture Stari Kola\u0161in u Zubinom Potoku"},"content":{"rendered":"<p>Govore\u0107i o svom \u017eivotnom pozivu, na jednom od nau\u010dnih skupova o njegovoj peoziji i poetici akademik i pesnik Milosav Te\u0161i\u0107 je izjavio da: \u201csvako vreme nudi materijal za knji\u017eevnu obradu, a na piscu je da se, bez \u010dekanja nekog boljeg vremena (jer je taj pojam neuklopiv u su\u0161tinu literarnog stvarala\u0161tva) prihvati ili ne prihvati tog posla.\u201d<\/p>\n<p>O knji\u017eevnom i nau\u010dnom radu pesnika, esejiste i akademika Milosava Te\u0161i\u0107a, koji \u0107e biti gost u sredu, 10. aprila u 19 \u010dasova u Domu kulture Stari Kola\u0161in u Zubinom Potoku, govori\u0107e knji\u017eevni kriti\u010dar Mileta A\u0107imovi\u0107 Ivkov.<\/p>\n<p>Milosav Te\u0161i\u0107 je diplomirao i magistrirao na Filolo\u0161kom fakultetu u Beogradu. Radi u Institutu za srpski jezik kao urednik Re\u010dnika srpskog knji\u017eevnog i narodnog jezika.<\/p>\n<p>Za desetak pesni\u010dkih knjiga, od &#8220;Kupinova&#8221; (1986) preko &#8220;Klju\u010da od ku\u0107e&#8221;, &#8220;Prelesti severa&#8221;, &#8220;Sedmice&#8221;, &#8220;Bubnjalice u p\u010delinjaku&#8221;, do &#8220;Mlinskog kola&#8221; (2011), Te\u0161i\u0107 je dobio pregr\u0161t knji\u017eevnih nagrada kao i zaslu\u017eeni status akademika.<\/p>\n","protected":false},"excerpt":{"rendered":"<p>Govore\u0107i o svom \u017eivotnom pozivu, na jednom od nau\u010dnih skupova o njegovoj peoziji i poetici akademik i pesnik Milosav Te\u0161i\u0107 je izjavio da: \u201csvako vreme nudi materijal za knji\u017eevnu obradu, a na piscu je da se, bez \u010dekanja nekog boljeg vremena (jer je taj pojam neuklopiv u su\u0161tinu literarnog stvarala\u0161tva) prihvati ili ne prihvati tog&hellip;<\/p>\n","protected":false},"author":2,"featured_media":3477,"comment_status":"closed","ping_status":"closed","sticky":false,"template":"","format":"standard","meta":{"footnotes":""},"categories":[2],"tags":[],"class_list":["post-3475","post","type-post","status-publish","format-standard","has-post-thumbnail","hentry","category-news","category-2","description-off"],"_links":{"self":[{"href":"https:\/\/radiokfor.com\/2\/wp-json\/wp\/v2\/posts\/3475","targetHints":{"allow":["GET"]}}],"collection":[{"href":"https:\/\/radiokfor.com\/2\/wp-json\/wp\/v2\/posts"}],"about":[{"href":"https:\/\/radiokfor.com\/2\/wp-json\/wp\/v2\/types\/post"}],"author":[{"embeddable":true,"href":"https:\/\/radiokfor.com\/2\/wp-json\/wp\/v2\/users\/2"}],"replies":[{"embeddable":true,"href":"https:\/\/radiokfor.com\/2\/wp-json\/wp\/v2\/comments?post=3475"}],"version-history":[{"count":1,"href":"https:\/\/radiokfor.com\/2\/wp-json\/wp\/v2\/posts\/3475\/revisions"}],"predecessor-version":[{"id":3478,"href":"https:\/\/radiokfor.com\/2\/wp-json\/wp\/v2\/posts\/3475\/revisions\/3478"}],"wp:featuredmedia":[{"embeddable":true,"href":"https:\/\/radiokfor.com\/2\/wp-json\/wp\/v2\/media\/3477"}],"wp:attachment":[{"href":"https:\/\/radiokfor.com\/2\/wp-json\/wp\/v2\/media?parent=3475"}],"wp:term":[{"taxonomy":"category","embeddable":true,"href":"https:\/\/radiokfor.com\/2\/wp-json\/wp\/v2\/categories?post=3475"},{"taxonomy":"post_tag","embeddable":true,"href":"https:\/\/radiokfor.com\/2\/wp-json\/wp\/v2\/tags?post=3475"}],"curies":[{"name":"wp","href":"https:\/\/api.w.org\/{rel}","templated":true}]}}